[{"@context":"https:\/\/schema.org\/","@type":"Article","@id":"https:\/\/www.vanillao.cz\/diky-nasi-pomoci-uz-nikdy-nebudete-na-maskarnim-neviditelna\/#Article","mainEntityOfPage":"https:\/\/www.vanillao.cz\/diky-nasi-pomoci-uz-nikdy-nebudete-na-maskarnim-neviditelna\/","headline":"D\u00edky na\u0161\u00ed pomoci u\u017e nikdy nebudete na ma\u0161karn\u00edm neviditeln\u00e1","name":"D\u00edky na\u0161\u00ed pomoci u\u017e nikdy nebudete na ma\u0161karn\u00edm neviditeln\u00e1","description":"U\u017e jste nav\u0161t\u00edvila n\u011bkolik ma\u0161karn\u00edch akc\u00ed, ale p\u0159ipadalo v\u00e1m, \u017ee jste byla v\u017edy neviditeln\u00e1? M\u011bla jste nejsp\u00ed\u0161 \u0161patn\u00e9 oble\u010den\u00ed na&hellip;","datePublished":"2024-10-30","dateModified":"2024-10-30","author":{"@type":"Person","@id":"https:\/\/www.vanillao.cz\/author\/#Person","name":"","url":"https:\/\/www.vanillao.cz\/author\/","identifier":1,"image":{"@type":"ImageObject","@id":"https:\/\/secure.gravatar.com\/avatar\/9650bad63f840fe2951db83904c5d1edf6fafb8283b72071d80cdc2088366373?s=96&d=mm&r=g","url":"https:\/\/secure.gravatar.com\/avatar\/9650bad63f840fe2951db83904c5d1edf6fafb8283b72071d80cdc2088366373?s=96&d=mm&r=g","height":96,"width":96}},"publisher":{"@type":"Organization","name":"vanillao.cz","logo":{"@type":"ImageObject","@id":"\/logo.png","url":"\/logo.png","width":600,"height":60}},"url":"https:\/\/www.vanillao.cz\/diky-nasi-pomoci-uz-nikdy-nebudete-na-maskarnim-neviditelna\/","wordCount":240,"articleBody":"\tU\u017e jste nav\u0161t\u00edvila n\u011bkolik ma\u0161karn\u00edch akc\u00ed, ale p\u0159ipadalo v\u00e1m, \u017ee jste byla v\u017edy neviditeln\u00e1? M\u011bla jste nejsp\u00ed\u0161 \u0161patn\u00e9 oble\u010den\u00ed na takovou party, a pokud se chyst\u00e1te znovu na ma\u0161karn\u00ed, cht\u011blo by to zm\u011bnu. My v\u00e1m nab\u00edz\u00edme jedine\u010dn\u00e9 masky na karneval, kter\u00e9 uchv\u00e1t\u00ed nejenom v\u00e1s, ale ka\u017ed\u00e9ho, kdo v\u00e1s spat\u0159\u00ed. Jenom d\u00edky nim u\u017e nikdy nebudete na ma\u0161karn\u00edm neviditeln\u00e1, ale stanete se st\u0159edem pozornosti. Tak si u\u017e\u00edvejte takovouto party na plno, jenom d\u00edky n\u00e1m. Uvid\u00edte, \u017ee zklaman\u00e1 rozhodn\u011b nikdy nebudete, to v\u00e1m m\u016f\u017eeme zaru\u010dit.\tU n\u00e1s najdete na ma\u0161karn\u00ed oble\u010den\u00ed, kter\u00e9 v\u00e1s uchv\u00e1t\u00edU\u017e dlouhou dobu hled\u00e1te masky na karneval, kter\u00e9 by v\u00e1s opravdu uchv\u00e1tili, ale nev\u00edte, kde tak\u00e9 sehnat? Tak u\u017e hledat nemus\u00edte, proto\u017ee my v\u00e1m jen nab\u00edz\u00edme. Jenom u n\u00e1s najdete opravdovou kvalitu a oble\u010den\u00ed na takovouto p\u0159\u00edle\u017eitost tak p\u0159esv\u011bd\u010duj\u00edc\u00ed, \u017ee budete opravdu ohromen\u00e1. Tak u\u017e nev\u00e1hejte a za\u010dn\u011bte party \u0159e\u0161it u\u017e dnes a vyb\u00edrejte si z\u00a0toho nejlep\u0161\u00edho, co v\u00e1m nab\u00edz\u00edme pr\u00e1v\u011b my. Uvid\u00edte, \u017ee budete p\u0159ekvapen\u00e1, jak\u00e9 n\u00e1dhern\u00e9 kousky pro v\u00e1s m\u00e1me p\u0159ichystan\u00e9.                                                                                                                                                                                                                                                                                                                                                                                        3.8\/5 - (5 votes)        "},{"@context":"https:\/\/schema.org\/","@type":"BreadcrumbList","itemListElement":[{"@type":"ListItem","position":1,"name":"D\u00edky na\u0161\u00ed pomoci u\u017e nikdy nebudete na ma\u0161karn\u00edm neviditeln\u00e1","item":"https:\/\/www.vanillao.cz\/diky-nasi-pomoci-uz-nikdy-nebudete-na-maskarnim-neviditelna\/#breadcrumbitem"}]}]