{"@context":"https:\/\/schema.org\/","@type":"CollectionPage","@id":"https:\/\/www.vanillao.cz\/dum-a-zahrada\/#CollectionPage","headline":"D\u016fm a zahrada Category","description":"","url":"https:\/\/www.vanillao.cz\/dum-a-zahrada\/","hasPart":[{"@type":"Article","@id":"https:\/\/www.vanillao.cz\/podnika-se-kvuli-penezum\/","headline":"Podnik\u00e1 se kv\u016fli pen\u011bz\u016fm","url":"https:\/\/www.vanillao.cz\/podnika-se-kvuli-penezum\/","datePublished":"2025-02-11","dateModified":"2025-02-11","mainEntityOfPage":"https:\/\/www.vanillao.cz\/podnika-se-kvuli-penezum\/","author":{"@type":"Person","@id":"https:\/\/www.vanillao.cz\/author\/#Person","name":"","url":"https:\/\/www.vanillao.cz\/author\/","identifier":1,"image":{"@type":"ImageObject","@id":"https:\/\/secure.gravatar.com\/avatar\/9650bad63f840fe2951db83904c5d1edf6fafb8283b72071d80cdc2088366373?s=96&d=mm&r=g","url":"https:\/\/secure.gravatar.com\/avatar\/9650bad63f840fe2951db83904c5d1edf6fafb8283b72071d80cdc2088366373?s=96&d=mm&r=g","height":96,"width":96}},"publisher":{"@type":"Organization","name":"vanillao.cz","logo":{"@type":"ImageObject","@id":"\/logo.png","url":"\/logo.png","width":600,"height":60}},"image":{"@type":"ImageObject","@id":"https:\/\/www.vanillao.cz\/wp-content\/uploads\/pppppppppppppppppppppppppp_10_10_3.jpg","url":"https:\/\/www.vanillao.cz\/wp-content\/uploads\/pppppppppppppppppppppppppp_10_10_3.jpg","height":0,"width":0},"keywords":null},{"@type":"Article","@id":"https:\/\/www.vanillao.cz\/mate-malo-nebo-tak-akorat\/","headline":"M\u00e1te m\u00e1lo nebo tak akor\u00e1t?","url":"https:\/\/www.vanillao.cz\/mate-malo-nebo-tak-akorat\/","datePublished":"2023-04-30","dateModified":"2023-04-30","mainEntityOfPage":"https:\/\/www.vanillao.cz\/mate-malo-nebo-tak-akorat\/","author":{"@type":"Person","@id":"https:\/\/www.vanillao.cz\/author\/#Person","name":"","url":"https:\/\/www.vanillao.cz\/author\/","identifier":1,"image":{"@type":"ImageObject","@id":"https:\/\/secure.gravatar.com\/avatar\/9650bad63f840fe2951db83904c5d1edf6fafb8283b72071d80cdc2088366373?s=96&d=mm&r=g","url":"https:\/\/secure.gravatar.com\/avatar\/9650bad63f840fe2951db83904c5d1edf6fafb8283b72071d80cdc2088366373?s=96&d=mm&r=g","height":96,"width":96}},"publisher":{"@type":"Organization","name":"vanillao.cz","logo":{"@type":"ImageObject","@id":"\/logo.png","url":"\/logo.png","width":600,"height":60}},"image":{"@type":"ImageObject","@id":"https:\/\/www.vanillao.cz\/wp-content\/uploads\/smiley-g19f61f8e7_640.jpg","url":"https:\/\/www.vanillao.cz\/wp-content\/uploads\/smiley-g19f61f8e7_640.jpg","height":0,"width":0},"keywords":null},{"@type":"Article","@id":"https:\/\/www.vanillao.cz\/i-pujcka-se-nekdy-hodi\/","headline":"I p\u016fj\u010dka se n\u011bkdy hod\u00ed","url":"https:\/\/www.vanillao.cz\/i-pujcka-se-nekdy-hodi\/","datePublished":"2022-10-11","dateModified":"2023-11-30","mainEntityOfPage":"https:\/\/www.vanillao.cz\/i-pujcka-se-nekdy-hodi\/","author":{"@type":"Person","@id":"https:\/\/www.vanillao.cz\/author\/#Person","name":"","url":"https:\/\/www.vanillao.cz\/author\/","identifier":1,"image":{"@type":"ImageObject","@id":"https:\/\/secure.gravatar.com\/avatar\/9650bad63f840fe2951db83904c5d1edf6fafb8283b72071d80cdc2088366373?s=96&d=mm&r=g","url":"https:\/\/secure.gravatar.com\/avatar\/9650bad63f840fe2951db83904c5d1edf6fafb8283b72071d80cdc2088366373?s=96&d=mm&r=g","height":96,"width":96}},"publisher":{"@type":"Organization","name":"vanillao.cz","logo":{"@type":"ImageObject","@id":"\/logo.png","url":"\/logo.png","width":600,"height":60}},"image":{"@type":"ImageObject","@id":"https:\/\/www.vanillao.cz\/wp-content\/uploads\/evropsk%C3%A9%20mince_10_5.jpg","url":"https:\/\/www.vanillao.cz\/wp-content\/uploads\/evropsk%C3%A9%20mince_10_5.jpg","height":0,"width":0},"keywords":null},{"@type":"Article","@id":"https:\/\/www.vanillao.cz\/jak-zaridit-obyvaci-pokoj-stylove-prakticky-a-bez-zbytecnych-chyb\/","headline":"Jak za\u0159\u00eddit ob\u00fdvac\u00ed pokoj stylov\u011b, prakticky a bez zbyte\u010dn\u00fdch chyb","url":"https:\/\/www.vanillao.cz\/jak-zaridit-obyvaci-pokoj-stylove-prakticky-a-bez-zbytecnych-chyb\/","datePublished":"2020-11-15","dateModified":"2023-08-17","mainEntityOfPage":"https:\/\/www.vanillao.cz\/jak-zaridit-obyvaci-pokoj-stylove-prakticky-a-bez-zbytecnych-chyb\/","author":{"@type":"Person","@id":"https:\/\/www.vanillao.cz\/author\/#Person","name":"","url":"https:\/\/www.vanillao.cz\/author\/","identifier":1,"image":{"@type":"ImageObject","@id":"https:\/\/secure.gravatar.com\/avatar\/9650bad63f840fe2951db83904c5d1edf6fafb8283b72071d80cdc2088366373?s=96&d=mm&r=g","url":"https:\/\/secure.gravatar.com\/avatar\/9650bad63f840fe2951db83904c5d1edf6fafb8283b72071d80cdc2088366373?s=96&d=mm&r=g","height":96,"width":96}},"publisher":{"@type":"Organization","name":"vanillao.cz","logo":{"@type":"ImageObject","@id":"\/logo.png","url":"\/logo.png","width":600,"height":60}},"image":{"@type":"ImageObject","@id":"https:\/\/www.vanillao.cz\/wp-content\/uploads\/pexels-photo-271795.jpeg","url":"https:\/\/www.vanillao.cz\/wp-content\/uploads\/pexels-photo-271795.jpeg","height":0,"width":0},"keywords":null},{"@type":"Article","@id":"https:\/\/www.vanillao.cz\/provoneny-domov\/","headline":"Provon\u011bn\u00fd domov","url":"https:\/\/www.vanillao.cz\/provoneny-domov\/","datePublished":"2020-09-04","dateModified":"2023-05-03","mainEntityOfPage":"https:\/\/www.vanillao.cz\/provoneny-domov\/","author":{"@type":"Person","@id":"https:\/\/www.vanillao.cz\/author\/#Person","name":"","url":"https:\/\/www.vanillao.cz\/author\/","identifier":1,"image":{"@type":"ImageObject","@id":"https:\/\/secure.gravatar.com\/avatar\/9650bad63f840fe2951db83904c5d1edf6fafb8283b72071d80cdc2088366373?s=96&d=mm&r=g","url":"https:\/\/secure.gravatar.com\/avatar\/9650bad63f840fe2951db83904c5d1edf6fafb8283b72071d80cdc2088366373?s=96&d=mm&r=g","height":96,"width":96}},"publisher":{"@type":"Organization","name":"vanillao.cz","logo":{"@type":"ImageObject","@id":"\/logo.png","url":"\/logo.png","width":600,"height":60}},"image":{"@type":"ImageObject","@id":"https:\/\/www.vanillao.cz\/wp-content\/uploads\/img_a340620_w2051_t1553539412.jpg","url":"https:\/\/www.vanillao.cz\/wp-content\/uploads\/img_a340620_w2051_t1553539412.jpg","height":0,"width":0},"keywords":null},{"@type":"Article","@id":"https:\/\/www.vanillao.cz\/zivotu-pod-vlastni-strechou-se-nic-nevyrovna\/","headline":"\u017divotu pod vlastn\u00ed st\u0159echou se nic nevyrovn\u00e1","url":"https:\/\/www.vanillao.cz\/zivotu-pod-vlastni-strechou-se-nic-nevyrovna\/","datePublished":"2020-04-11","dateModified":"2023-05-03","mainEntityOfPage":"https:\/\/www.vanillao.cz\/zivotu-pod-vlastni-strechou-se-nic-nevyrovna\/","author":{"@type":"Person","@id":"https:\/\/www.vanillao.cz\/author\/#Person","name":"","url":"https:\/\/www.vanillao.cz\/author\/","identifier":1,"image":{"@type":"ImageObject","@id":"https:\/\/secure.gravatar.com\/avatar\/9650bad63f840fe2951db83904c5d1edf6fafb8283b72071d80cdc2088366373?s=96&d=mm&r=g","url":"https:\/\/secure.gravatar.com\/avatar\/9650bad63f840fe2951db83904c5d1edf6fafb8283b72071d80cdc2088366373?s=96&d=mm&r=g","height":96,"width":96}},"publisher":{"@type":"Organization","name":"vanillao.cz","logo":{"@type":"ImageObject","@id":"\/logo.png","url":"\/logo.png","width":600,"height":60}},"image":{"@type":"ImageObject","@id":"https:\/\/www.vanillao.cz\/wp-content\/uploads\/key-677851_640.jpg","url":"https:\/\/www.vanillao.cz\/wp-content\/uploads\/key-677851_640.jpg","height":0,"width":0},"keywords":null},{"@type":"Article","@id":"https:\/\/www.vanillao.cz\/jak-zkraslit-dum-a-zahradu\/","headline":"Jak zkr\u00e1\u0161lit d\u016fm a zahradu.","url":"https:\/\/www.vanillao.cz\/jak-zkraslit-dum-a-zahradu\/","datePublished":"2020-02-06","dateModified":"2023-05-03","mainEntityOfPage":"https:\/\/www.vanillao.cz\/jak-zkraslit-dum-a-zahradu\/","author":{"@type":"Person","@id":"https:\/\/www.vanillao.cz\/author\/#Person","name":"","url":"https:\/\/www.vanillao.cz\/author\/","identifier":1,"image":{"@type":"ImageObject","@id":"https:\/\/secure.gravatar.com\/avatar\/9650bad63f840fe2951db83904c5d1edf6fafb8283b72071d80cdc2088366373?s=96&d=mm&r=g","url":"https:\/\/secure.gravatar.com\/avatar\/9650bad63f840fe2951db83904c5d1edf6fafb8283b72071d80cdc2088366373?s=96&d=mm&r=g","height":96,"width":96}},"publisher":{"@type":"Organization","name":"vanillao.cz","logo":{"@type":"ImageObject","@id":"\/logo.png","url":"\/logo.png","width":600,"height":60}},"image":{"@type":"ImageObject","@id":"https:\/\/www.vanillao.cz\/wp-content\/uploads\/img_a371472_w3173_t1582867398.jpg","url":"https:\/\/www.vanillao.cz\/wp-content\/uploads\/img_a371472_w3173_t1582867398.jpg","height":0,"width":0},"keywords":null},{"@type":"Article","@id":"https:\/\/www.vanillao.cz\/poridte-si-koupaci-jezirko\/","headline":"Po\u0159i\u010fte si koupac\u00ed jez\u00edrko","url":"https:\/\/www.vanillao.cz\/poridte-si-koupaci-jezirko\/","datePublished":"2019-09-07","dateModified":"2023-05-03","mainEntityOfPage":"https:\/\/www.vanillao.cz\/poridte-si-koupaci-jezirko\/","author":{"@type":"Person","@id":"https:\/\/www.vanillao.cz\/author\/#Person","name":"","url":"https:\/\/www.vanillao.cz\/author\/","identifier":1,"image":{"@type":"ImageObject","@id":"https:\/\/secure.gravatar.com\/avatar\/9650bad63f840fe2951db83904c5d1edf6fafb8283b72071d80cdc2088366373?s=96&d=mm&r=g","url":"https:\/\/secure.gravatar.com\/avatar\/9650bad63f840fe2951db83904c5d1edf6fafb8283b72071d80cdc2088366373?s=96&d=mm&r=g","height":96,"width":96}},"publisher":{"@type":"Organization","name":"vanillao.cz","logo":{"@type":"ImageObject","@id":"\/logo.png","url":"\/logo.png","width":600,"height":60}},"image":{"@type":"ImageObject","@id":"https:\/\/www.vanillao.cz\/wp-content\/uploads\/img_a355228_w3173_t1569663583.jpg","url":"https:\/\/www.vanillao.cz\/wp-content\/uploads\/img_a355228_w3173_t1569663583.jpg","height":0,"width":0},"keywords":null},{"@type":"Article","@id":"https:\/\/www.vanillao.cz\/snadna-cesta-z-financni-krize\/","headline":"Snadn\u00e1 cesta z finan\u010dn\u00ed krize","url":"https:\/\/www.vanillao.cz\/snadna-cesta-z-financni-krize\/","datePublished":"2018-12-08","dateModified":"2023-05-03","mainEntityOfPage":"https:\/\/www.vanillao.cz\/snadna-cesta-z-financni-krize\/","author":{"@type":"Person","@id":"https:\/\/www.vanillao.cz\/author\/#Person","name":"","url":"https:\/\/www.vanillao.cz\/author\/","identifier":1,"image":{"@type":"ImageObject","@id":"https:\/\/secure.gravatar.com\/avatar\/9650bad63f840fe2951db83904c5d1edf6fafb8283b72071d80cdc2088366373?s=96&d=mm&r=g","url":"https:\/\/secure.gravatar.com\/avatar\/9650bad63f840fe2951db83904c5d1edf6fafb8283b72071d80cdc2088366373?s=96&d=mm&r=g","height":96,"width":96}},"publisher":{"@type":"Organization","name":"vanillao.cz","logo":{"@type":"ImageObject","@id":"\/logo.png","url":"\/logo.png","width":600,"height":60}},"image":{"@type":"ImageObject","@id":"https:\/\/www.vanillao.cz\/wp-content\/uploads\/img_a333638_w1735_t1547066340.jpg","url":"https:\/\/www.vanillao.cz\/wp-content\/uploads\/img_a333638_w1735_t1547066340.jpg","height":0,"width":0},"keywords":null},{"@type":"Article","@id":"https:\/\/www.vanillao.cz\/zmente-svuj-obyvaci-pokoj-v-koncertni-sal\/","headline":"Zm\u011b\u0148te sv\u016fj ob\u00fdvac\u00ed pokoj v koncertn\u00ed s\u00e1l","url":"https:\/\/www.vanillao.cz\/zmente-svuj-obyvaci-pokoj-v-koncertni-sal\/","datePublished":"2018-08-25","dateModified":"2023-05-03","mainEntityOfPage":"https:\/\/www.vanillao.cz\/zmente-svuj-obyvaci-pokoj-v-koncertni-sal\/","author":{"@type":"Person","@id":"https:\/\/www.vanillao.cz\/author\/#Person","name":"","url":"https:\/\/www.vanillao.cz\/author\/","identifier":1,"image":{"@type":"ImageObject","@id":"https:\/\/secure.gravatar.com\/avatar\/9650bad63f840fe2951db83904c5d1edf6fafb8283b72071d80cdc2088366373?s=96&d=mm&r=g","url":"https:\/\/secure.gravatar.com\/avatar\/9650bad63f840fe2951db83904c5d1edf6fafb8283b72071d80cdc2088366373?s=96&d=mm&r=g","height":96,"width":96}},"publisher":{"@type":"Organization","name":"vanillao.cz","logo":{"@type":"ImageObject","@id":"\/logo.png","url":"\/logo.png","width":600,"height":60}},"image":{"@type":"ImageObject","@id":"https:\/\/www.vanillao.cz\/wp-content\/uploads\/img_a322239_w2057_t1533758967.jpg","url":"https:\/\/www.vanillao.cz\/wp-content\/uploads\/img_a322239_w2057_t1533758967.jpg","height":0,"width":0},"keywords":null}]}