[{"@context":"https:\/\/schema.org\/","@type":"Article","@id":"https:\/\/www.vanillao.cz\/jak-na-jarni-uklid-5-rad-a-tipu-na-co-se-jednoznacne-zamerit\/#Article","mainEntityOfPage":"https:\/\/www.vanillao.cz\/jak-na-jarni-uklid-5-rad-a-tipu-na-co-se-jednoznacne-zamerit\/","headline":"Jak na jarn\u00ed \u00faklid? 5 rad a tip\u016f na co se jednozna\u010dn\u011b zam\u011b\u0159it!","name":"Jak na jarn\u00ed \u00faklid? 5 rad a tip\u016f na co se jednozna\u010dn\u011b zam\u011b\u0159it!","description":"Jist\u011b to v\u0161ichni zn\u00e1te, maminky, babi\u010dky, teti\u010dky a v\u0161echny po\u0159\u00e1dn\u00e9 hospody\u0148ky se na ja\u0159e uch\u00fdl\u00ed k po\u0159\u00e1dn\u00e9mu jarn\u00edmu \u00faklidu. Tento&hellip;","datePublished":"2025-03-05","dateModified":"2023-05-03","author":{"@type":"Person","@id":"https:\/\/www.vanillao.cz\/author\/#Person","name":"","url":"https:\/\/www.vanillao.cz\/author\/","identifier":1,"image":{"@type":"ImageObject","@id":"https:\/\/secure.gravatar.com\/avatar\/9650bad63f840fe2951db83904c5d1edf6fafb8283b72071d80cdc2088366373?s=96&d=mm&r=g","url":"https:\/\/secure.gravatar.com\/avatar\/9650bad63f840fe2951db83904c5d1edf6fafb8283b72071d80cdc2088366373?s=96&d=mm&r=g","height":96,"width":96}},"publisher":{"@type":"Organization","name":"vanillao.cz","logo":{"@type":"ImageObject","@id":"\/logo.png","url":"\/logo.png","width":600,"height":60}},"image":{"@type":"ImageObject","@id":"https:\/\/www.vanillao.cz\/wp-content\/uploads\/img_a297891_w1906_t1508259304.jpg","url":"https:\/\/www.vanillao.cz\/wp-content\/uploads\/img_a297891_w1906_t1508259304.jpg","height":0,"width":0},"url":"https:\/\/www.vanillao.cz\/jak-na-jarni-uklid-5-rad-a-tipu-na-co-se-jednoznacne-zamerit\/","wordCount":421,"articleBody":"\tJist\u011b to v\u0161ichni zn\u00e1te, maminky, babi\u010dky, teti\u010dky a v\u0161echny po\u0159\u00e1dn\u00e9 hospody\u0148ky se na ja\u0159e uch\u00fdl\u00ed k po\u0159\u00e1dn\u00e9mu jarn\u00edmu \u00faklidu. Tento jarn\u00ed \u00faklid je spjat\u00fd s k\u0159es\u0165anskou tradic\u00ed a to s p\u0159edvelikono\u010dn\u00edm p\u016fstem. Tento zvyk n\u00e1m ale v\u0161em i bez v\u00edry z\u016fstal. Co n\u00e1m p\u0159in\u00e1\u0161\u00ed dobr\u00e9ho, pro\u010d bychom nem\u011bli jarn\u00ed \u00faklid podce\u0148ovat a jak p\u0159i n\u011bm postupovat?\t\u00a0\tJarn\u00ed \u00faklid. Pro\u010d ho letos nevynechat?\t\u00a0\t\u00b7\u00a0\u00a0\u00a0\u00a0\u00a0\u00a0\u00a0\u00a0 zbav\u00edte se zbyte\u010dn\u00fdch v\u011bc\u00ed, kter\u00e9 zab\u00edraj\u00ed prostor\t\u00b7\u00a0\u00a0\u00a0\u00a0\u00a0\u00a0\u00a0\u00a0 zbav\u00edte se v\u0161ech zimu p\u0159ipom\u00ednaj\u00edc\u00edch dekorac\u00ed a vybaven\u00ed a prosv\u011btl\u00edte domov\t\u00b7\u00a0\u00a0\u00a0\u00a0\u00a0\u00a0\u00a0\u00a0 vypud\u00edte rozto\u010de, moly a r\u016fzn\u00e1 zv\u00ed\u0159\u00e1tka, kter\u00e1 na\u0161emu zdrav\u00ed neprosp\u00edvaj\u00ed\t\u00b7\u00a0\u00a0\u00a0\u00a0\u00a0\u00a0\u00a0\u00a0 d\u00e1te prostor nov\u00fdm a \u010dist\u00edm energi\u00edm\t\u00b7\u00a0\u00a0\u00a0\u00a0\u00a0\u00a0\u00a0\u00a0 budete m\u00edt v\u0161e zorganizovan\u00e9 a rychleji se budete orientovat v dom\u00e1cnosti\t\u00b7\u00a0\u00a0\u00a0\u00a0\u00a0\u00a0\u00a0\u00a0 m\u016f\u017eete darovat neno\u0161en\u00e9 oble\u010den\u00ed pot\u0159ebn\u00fdm a ud\u011blat tak dobr\u00fd skutek\t\u00a0\tJak na jarn\u00ed \u00faklid?\t1.\u00a0\u00a0\u00a0\u00a0\u00a0 Vyhra\u010fte si na \u00faklid jeden cel\u00fd den \t\u00daklid tak bude efektivn\u011bj\u0161\u00ed, ne\u017e kdy\u017e si \u0159eknete, \u017ee ka\u017ed\u00fd ve\u010der po pr\u00e1ci n\u011bco m\u00e1lo uklid\u00edte. V d\u016fsledku toho takhle po kousk\u00e1ch je\u0161t\u011b v\u00edce za\u0161pin\u00edte a zabere v\u00e1m to mnohem v\u00edce \u010dasu.\t\u00a0\t2.\u00a0\u00a0\u00a0\u00a0\u00a0 Nejd\u0159\u00edve se zam\u011b\u0159te na kuchy\u0148\tKuchy\u0148 p\u0159edev\u0161\u00edm! Vzhledem k tomu, \u017ee budete um\u00fdvat spoustu v\u011bc\u00ed ve van\u011b (jako nap\u0159. odpadkov\u00fd ko\u0161, r\u016fzn\u00e9 d\u00f3zy) tak byste si ji\u017e umytou koupelnu zbyte\u010dn\u011b za\u0161pinila. Nezapome\u0148te tak\u00e9 uklidit \u0161pajz a zkontrolovat mouky a r\u016fzn\u00e9 trvanliv\u00e9 potraviny. Co ji\u017e nebudete pou\u017e\u00edvat, vyho\u010fte!\t\u00a0\t\u00a0\t3.\u00a0\u00a0\u00a0\u00a0\u00a0 Vys\u00e1vat, vys\u00e1vat a vys\u00e1vat\tA tak\u00e9 nezapomenout um\u00fdt i samotn\u00fd vysava\u010d od ve\u0161ker\u00e9ho prachu, usazenin a rozto\u010d\u016f!\t\u00a0\t4.\u00a0\u00a0\u00a0\u00a0\u00a0 Vypr\u00e1\u0161it v\u0161echny koberce, vyv\u011btrat pe\u0159iny, pol\u0161t\u00e1\u0159e, deky\tZbavte sv\u016fj domov v\u0161eho prachu a usazenin. \t\u00a0\t5.\u00a0\u00a0\u00a0\u00a0\u00a0 Za\u010d\u00ednejte u stropu a pokra\u010dujte k podlaze\tNezapome\u0148te na pavu\u010diny a pokud m\u00e1te saze od topen\u00ed a tmav\u00e9 zdi, dejte se na malov\u00e1n\u00ed! Nov\u00fd kab\u00e1t v\u00e1m dom\u016f p\u0159inese i novou energii.\t\u00a0\t6.\u00a0\u00a0\u00a0\u00a0\u00a0 V\u0161echno vyprat\tAno, v\u0161echno, co m\u00e1 dlouhodob\u00e9 pou\u017e\u00edv\u00e1n\u00ed a po\u0159\u00e1dn\u011b by v\u00e1m to v zim\u011b bez slun\u00ed\u010dka neproschlo, tak kone\u010dn\u011b vyperte. Nap\u0159. deky, podsed\u00e1ky, z\u00e1v\u011bsy.                                                                                                                                                                                                                                                                                                                                                                                        4.3\/5 - (3 votes)        "},{"@context":"https:\/\/schema.org\/","@type":"BreadcrumbList","itemListElement":[{"@type":"ListItem","position":1,"name":"Jak na jarn\u00ed \u00faklid? 5 rad a tip\u016f na co se jednozna\u010dn\u011b zam\u011b\u0159it!","item":"https:\/\/www.vanillao.cz\/jak-na-jarni-uklid-5-rad-a-tipu-na-co-se-jednoznacne-zamerit\/#breadcrumbitem"}]}]