[{"@context":"https:\/\/schema.org\/","@type":"Article","@id":"https:\/\/www.vanillao.cz\/kuchyne-na-miru-praha\/#Article","mainEntityOfPage":"https:\/\/www.vanillao.cz\/kuchyne-na-miru-praha\/","headline":"Kuchyn\u011b na m\u00edru Praha","name":"Kuchyn\u011b na m\u00edru Praha","description":"M\u00edt kuchy\u0148 ud\u011blanou tak, aby v\u00e1m sed\u011bla jak po praktick\u00e9 str\u00e1nce, tak i po t\u00e9 estetick\u00e9 a kr\u00e1sn\u011b zapadla do&hellip;","datePublished":"2018-01-04","dateModified":"2023-05-03","author":{"@type":"Person","@id":"https:\/\/www.vanillao.cz\/author\/#Person","name":"","url":"https:\/\/www.vanillao.cz\/author\/","identifier":1,"image":{"@type":"ImageObject","@id":"https:\/\/secure.gravatar.com\/avatar\/9650bad63f840fe2951db83904c5d1edf6fafb8283b72071d80cdc2088366373?s=96&d=mm&r=g","url":"https:\/\/secure.gravatar.com\/avatar\/9650bad63f840fe2951db83904c5d1edf6fafb8283b72071d80cdc2088366373?s=96&d=mm&r=g","height":96,"width":96}},"publisher":{"@type":"Organization","name":"vanillao.cz","logo":{"@type":"ImageObject","@id":"\/logo.png","url":"\/logo.png","width":600,"height":60}},"image":{"@type":"ImageObject","@id":"https:\/\/www.vanillao.cz\/wp-content\/uploads\/img_a308184_w2321_t1519300581.jpg","url":"https:\/\/www.vanillao.cz\/wp-content\/uploads\/img_a308184_w2321_t1519300581.jpg","height":0,"width":0},"url":"https:\/\/www.vanillao.cz\/kuchyne-na-miru-praha\/","about":["D\u016fm a zahrada"],"wordCount":451,"articleBody":"M\u00edt kuchy\u0148 ud\u011blanou tak, aby v\u00e1m sed\u011bla jak po praktick\u00e9 str\u00e1nce, tak i po t\u00e9 estetick\u00e9 a kr\u00e1sn\u011b zapadla do velikosti m\u00edstnosti a v\u0161echno sed\u011blo, tak je d\u016fle\u017eit\u00e9, abyste ji m\u011bli ud\u011blanou na zak\u00e1zku, proto\u017ee tohle je jistota, \u017ee budete m\u00edt v\u0161echno opravdu na m\u00edru. Je to velice d\u016fle\u017eit\u00e9. Nav\u00edc my v\u00e1m dok\u00e1\u017eeme poradit, na co si d\u00e1t pozor, co si vybrat podobn\u011b. Nejen to, jak kuchy\u0148 vypad\u00e1, je d\u016fle\u017eit\u00e9. D\u016fle\u017eit\u00e9 je i kov\u00e1n\u00ed a nejr\u016fzn\u011bj\u0161\u00ed syst\u00e9my, kter\u00fdch m\u016f\u017eete vyu\u017e\u00edt.  Tohle je na tom docela drah\u00e9, ale pr\u00e1v\u011b tyhle detaily odli\u0161uj\u00ed kvalitu a levn\u00e9 zbo\u017e\u00ed. Kuchyn\u011b na m\u00edru Praha budou jist\u011b to prav\u00e9 o\u0159echov\u00e9 pro v\u00e1s, proto\u017ee my v\u00e1m nab\u00edz\u00edme opravdu hodn\u011b. Ud\u011bl\u00e1me v\u00e1m 3D n\u00e1vrh zdarma, tak\u017ee se nebudete muset b\u00e1t, \u017ee byste nem\u011bli p\u0159edstavu, jak to bude vypadat. Takhle si to v\u0161echno mnohem l\u00e9pe p\u0159edstavte, kdyby se v\u00e1m to nakonec nel\u00edbilo, tak to m\u016f\u017eeme je\u0161t\u011b zm\u011bnit, kdy\u017e to bude postaven\u00e9, tak to u\u017e nezm\u011bn\u00edme. To je v\u00fdhod pro lidi, co si to moc neum\u00ed p\u0159edstavit jako celek.  Luxus M\u00e1te r\u00e1di luxus? Cht\u011bli byste m\u00edt Vaiaku ve vysok\u00e9m lesku nebo chcete n\u011bco oby\u010dejn\u00e9ho, proto\u017ee nem\u00e1te moc finan\u010dn\u00edch mo\u017enost\u00ed? A\u0165 u\u017e je to tak \u010di onak nebo chcete t\u0159eba rustik\u00e1ln\u00ed mo\u017enost, tak se nebojte, \u017ee bychom n\u011bco nezvl\u00e1dli. My dok\u00e1\u017eeme ud\u011blat opravdu hodn\u011b. Na prvn\u00ed sch\u016fzku za v\u00e1mi p\u0159ijdeme dom\u016f, tak\u017ee nemus\u00edte v\u016fbec nikam chodit a v\u0161echno za\u0159\u00edd\u00edme za v\u00e1s. Nebojte se a ud\u011blejte i vy to spr\u00e1vn\u00e9 rozhodnut\u00ed, kter\u00e9 se v\u00e1m bude moc l\u00edbit.  V\u0161echno p\u016fjde podle pl\u00e1nu. Pokud se v\u00e1m nebude l\u00edbit n\u00e1vrh, kter\u00fd ud\u011bl\u00e1me, tak my ho budeme p\u0159etv\u00e1\u0159et do t\u00e9 doby, ne se v\u00e1m to nebude l\u00edbit a nebude se to bl\u00ed\u017eit k va\u0161\u00ed p\u0159edstav\u011b. Je n\u00e1m jasn\u00e9, \u017ee to nejde ud\u011blat v\u017edy tak, jak chcete, proto\u017ee jsou zde t\u0159eba interi\u00e9rov\u00e9 p\u0159ek\u00e1\u017eky, k\u0159iv\u00e9 zdi a podobn\u011b, ale s t\u00edm si my v\u017edy porad\u00edme a v\u017edy v\u00e1m navrhneme n\u011bjak\u00e9 alternativn\u00ed \u0159e\u0161en\u00ed, kter\u00e9 bude pro v\u00e1s skv\u011bl\u00e9.                                                                                                                                                                                                                                                                                                                                                                                         4.4\/5 - (10 votes)        "},{"@context":"https:\/\/schema.org\/","@type":"BreadcrumbList","itemListElement":[{"@type":"ListItem","position":1,"name":"Kuchyn\u011b na m\u00edru Praha","item":"https:\/\/www.vanillao.cz\/kuchyne-na-miru-praha\/#breadcrumbitem"}]}]