[{"@context":"https:\/\/schema.org\/","@type":"Blog","@id":"https:\/\/www.vanillao.cz#Blog","headline":"Vanillao","description":"\nPro\u010d byste m\u011bli na internetu po cel\u00e9 nekone\u010dn\u00e9 hodiny pracn\u011b hledat ty nejlukrativn\u011bj\u0161\u00ed nab\u00eddky? Kdy\u017e je m\u00e1te ve zna\u010dn\u00e9m mno\u017estv\u00ed pr\u00e1v\u011b zde na na\u0161em webu.","url":"https:\/\/www.vanillao.cz","hasPart":[{"@type":"Article","@id":"https:\/\/www.vanillao.cz\/cerna-skrinka\/","headline":"\u010cern\u00e1 sk\u0159\u00ed\u0148ka","url":"https:\/\/www.vanillao.cz\/cerna-skrinka\/","datePublished":"2019-08-18","dateModified":"2023-05-03","mainEntityOfPage":"https:\/\/www.vanillao.cz\/cerna-skrinka\/","author":{"@type":"Person","@id":"https:\/\/www.vanillao.cz\/author\/#Person","name":"","url":"https:\/\/www.vanillao.cz\/author\/","identifier":1,"image":{"@type":"ImageObject","@id":"https:\/\/secure.gravatar.com\/avatar\/9650bad63f840fe2951db83904c5d1edf6fafb8283b72071d80cdc2088366373?s=96&d=mm&r=g","url":"https:\/\/secure.gravatar.com\/avatar\/9650bad63f840fe2951db83904c5d1edf6fafb8283b72071d80cdc2088366373?s=96&d=mm&r=g","height":96,"width":96}},"publisher":{"@type":"Organization","name":"vanillao.cz","logo":{"@type":"ImageObject","@id":"\/logo.png","url":"\/logo.png","width":600,"height":60}},"image":{"@type":"ImageObject","@id":"https:\/\/www.vanillao.cz\/wp-content\/uploads\/img_a351493_w2304_t1566065714.jpg","url":"https:\/\/www.vanillao.cz\/wp-content\/uploads\/img_a351493_w2304_t1566065714.jpg","height":0,"width":0},"wordCount":4520,"keywords":null},{"@type":"Article","@id":"https:\/\/www.vanillao.cz\/sluzba\/","headline":"Slu\u017eba","url":"https:\/\/www.vanillao.cz\/sluzba\/","datePublished":"2019-08-10","dateModified":"2023-05-03","mainEntityOfPage":"https:\/\/www.vanillao.cz\/sluzba\/","author":{"@type":"Person","@id":"https:\/\/www.vanillao.cz\/author\/#Person","name":"","url":"https:\/\/www.vanillao.cz\/author\/","identifier":1,"image":{"@type":"ImageObject","@id":"https:\/\/secure.gravatar.com\/avatar\/9650bad63f840fe2951db83904c5d1edf6fafb8283b72071d80cdc2088366373?s=96&d=mm&r=g","url":"https:\/\/secure.gravatar.com\/avatar\/9650bad63f840fe2951db83904c5d1edf6fafb8283b72071d80cdc2088366373?s=96&d=mm&r=g","height":96,"width":96}},"publisher":{"@type":"Organization","name":"vanillao.cz","logo":{"@type":"ImageObject","@id":"\/logo.png","url":"\/logo.png","width":600,"height":60}},"image":{"@type":"ImageObject","@id":"https:\/\/www.vanillao.cz\/wp-content\/uploads\/img_a353949_w3757_t1568485688.jpg","url":"https:\/\/www.vanillao.cz\/wp-content\/uploads\/img_a353949_w3757_t1568485688.jpg","height":0,"width":0},"wordCount":525,"keywords":null},{"@type":"Article","@id":"https:\/\/www.vanillao.cz\/moda-dle-horoskopu\/","headline":"M\u00f3da dle horoskopu","url":"https:\/\/www.vanillao.cz\/moda-dle-horoskopu\/","datePublished":"2019-06-18","dateModified":"2023-05-03","mainEntityOfPage":"https:\/\/www.vanillao.cz\/moda-dle-horoskopu\/","author":{"@type":"Person","@id":"https:\/\/www.vanillao.cz\/author\/#Person","name":"","url":"https:\/\/www.vanillao.cz\/author\/","identifier":1,"image":{"@type":"ImageObject","@id":"https:\/\/secure.gravatar.com\/avatar\/9650bad63f840fe2951db83904c5d1edf6fafb8283b72071d80cdc2088366373?s=96&d=mm&r=g","url":"https:\/\/secure.gravatar.com\/avatar\/9650bad63f840fe2951db83904c5d1edf6fafb8283b72071d80cdc2088366373?s=96&d=mm&r=g","height":96,"width":96}},"publisher":{"@type":"Organization","name":"vanillao.cz","logo":{"@type":"ImageObject","@id":"\/logo.png","url":"\/logo.png","width":600,"height":60}},"image":{"@type":"ImageObject","@id":"https:\/\/www.vanillao.cz\/wp-content\/uploads\/img_a347730_w2351_t1562268646.jpg","url":"https:\/\/www.vanillao.cz\/wp-content\/uploads\/img_a347730_w2351_t1562268646.jpg","height":0,"width":0},"wordCount":581,"keywords":null},{"@type":"Article","@id":"https:\/\/www.vanillao.cz\/neco-malo-o-zenach\/","headline":"N\u011bco m\u00e1lo o \u017een\u00e1ch","url":"https:\/\/www.vanillao.cz\/neco-malo-o-zenach\/","datePublished":"2019-06-12","dateModified":"2023-05-03","mainEntityOfPage":"https:\/\/www.vanillao.cz\/neco-malo-o-zenach\/","author":{"@type":"Person","@id":"https:\/\/www.vanillao.cz\/author\/#Person","name":"","url":"https:\/\/www.vanillao.cz\/author\/","identifier":1,"image":{"@type":"ImageObject","@id":"https:\/\/secure.gravatar.com\/avatar\/9650bad63f840fe2951db83904c5d1edf6fafb8283b72071d80cdc2088366373?s=96&d=mm&r=g","url":"https:\/\/secure.gravatar.com\/avatar\/9650bad63f840fe2951db83904c5d1edf6fafb8283b72071d80cdc2088366373?s=96&d=mm&r=g","height":96,"width":96}},"publisher":{"@type":"Organization","name":"vanillao.cz","logo":{"@type":"ImageObject","@id":"\/logo.png","url":"\/logo.png","width":600,"height":60}},"image":{"@type":"ImageObject","@id":"https:\/\/www.vanillao.cz\/wp-content\/uploads\/img_a347905_w1794_t1562437367.jpg","url":"https:\/\/www.vanillao.cz\/wp-content\/uploads\/img_a347905_w1794_t1562437367.jpg","height":0,"width":0},"wordCount":546,"keywords":null},{"@type":"Article","@id":"https:\/\/www.vanillao.cz\/zena-v-kleci\/","headline":"\u017dena v kleci","url":"https:\/\/www.vanillao.cz\/zena-v-kleci\/","datePublished":"2019-05-14","dateModified":"2023-05-03","mainEntityOfPage":"https:\/\/www.vanillao.cz\/zena-v-kleci\/","author":{"@type":"Person","@id":"https:\/\/www.vanillao.cz\/author\/#Person","name":"","url":"https:\/\/www.vanillao.cz\/author\/","identifier":1,"image":{"@type":"ImageObject","@id":"https:\/\/secure.gravatar.com\/avatar\/9650bad63f840fe2951db83904c5d1edf6fafb8283b72071d80cdc2088366373?s=96&d=mm&r=g","url":"https:\/\/secure.gravatar.com\/avatar\/9650bad63f840fe2951db83904c5d1edf6fafb8283b72071d80cdc2088366373?s=96&d=mm&r=g","height":96,"width":96}},"publisher":{"@type":"Organization","name":"vanillao.cz","logo":{"@type":"ImageObject","@id":"\/logo.png","url":"\/logo.png","width":600,"height":60}},"image":{"@type":"ImageObject","@id":"https:\/\/www.vanillao.cz\/wp-content\/uploads\/img_a345223_w2128_t1558953714.jpg","url":"https:\/\/www.vanillao.cz\/wp-content\/uploads\/img_a345223_w2128_t1558953714.jpg","height":0,"width":0},"wordCount":487,"keywords":null},{"@type":"Article","@id":"https:\/\/www.vanillao.cz\/uctovani\/","headline":"\u00da\u010dtov\u00e1n\u00ed","url":"https:\/\/www.vanillao.cz\/uctovani\/","datePublished":"2019-03-07","dateModified":"2023-05-03","mainEntityOfPage":"https:\/\/www.vanillao.cz\/uctovani\/","author":{"@type":"Person","@id":"https:\/\/www.vanillao.cz\/author\/#Person","name":"","url":"https:\/\/www.vanillao.cz\/author\/","identifier":1,"image":{"@type":"ImageObject","@id":"https:\/\/secure.gravatar.com\/avatar\/9650bad63f840fe2951db83904c5d1edf6fafb8283b72071d80cdc2088366373?s=96&d=mm&r=g","url":"https:\/\/secure.gravatar.com\/avatar\/9650bad63f840fe2951db83904c5d1edf6fafb8283b72071d80cdc2088366373?s=96&d=mm&r=g","height":96,"width":96}},"publisher":{"@type":"Organization","name":"vanillao.cz","logo":{"@type":"ImageObject","@id":"\/logo.png","url":"\/logo.png","width":600,"height":60}},"image":{"@type":"ImageObject","@id":"https:\/\/www.vanillao.cz\/wp-content\/uploads\/img_a343611_w1725_t1556605836.jpg","url":"https:\/\/www.vanillao.cz\/wp-content\/uploads\/img_a343611_w1725_t1556605836.jpg","height":0,"width":0},"wordCount":534,"keywords":null},{"@type":"Article","@id":"https:\/\/www.vanillao.cz\/bazenova-plachta-chrani-vodu-pred-znecistenim\/","headline":"Baz\u00e9nov\u00e1 plachta chr\u00e1n\u00ed vodu p\u0159ed zne\u010di\u0161t\u011bn\u00edm","url":"https:\/\/www.vanillao.cz\/bazenova-plachta-chrani-vodu-pred-znecistenim\/","datePublished":"2019-03-04","dateModified":"2023-05-03","mainEntityOfPage":"https:\/\/www.vanillao.cz\/bazenova-plachta-chrani-vodu-pred-znecistenim\/","author":{"@type":"Person","@id":"https:\/\/www.vanillao.cz\/author\/#Person","name":"","url":"https:\/\/www.vanillao.cz\/author\/","identifier":1,"image":{"@type":"ImageObject","@id":"https:\/\/secure.gravatar.com\/avatar\/9650bad63f840fe2951db83904c5d1edf6fafb8283b72071d80cdc2088366373?s=96&d=mm&r=g","url":"https:\/\/secure.gravatar.com\/avatar\/9650bad63f840fe2951db83904c5d1edf6fafb8283b72071d80cdc2088366373?s=96&d=mm&r=g","height":96,"width":96}},"publisher":{"@type":"Organization","name":"vanillao.cz","logo":{"@type":"ImageObject","@id":"\/logo.png","url":"\/logo.png","width":600,"height":60}},"image":{"@type":"ImageObject","@id":"https:\/\/www.vanillao.cz\/wp-content\/uploads\/img_a341543_w1743_t1554203000.jpg","url":"https:\/\/www.vanillao.cz\/wp-content\/uploads\/img_a341543_w1743_t1554203000.jpg","height":0,"width":0},"wordCount":544,"keywords":null},{"@type":"Article","@id":"https:\/\/www.vanillao.cz\/system-invisalign\/","headline":"Syst\u00e9m invisalign","url":"https:\/\/www.vanillao.cz\/system-invisalign\/","datePublished":"2019-03-03","dateModified":"2023-05-03","mainEntityOfPage":"https:\/\/www.vanillao.cz\/system-invisalign\/","author":{"@type":"Person","@id":"https:\/\/www.vanillao.cz\/author\/#Person","name":"","url":"https:\/\/www.vanillao.cz\/author\/","identifier":1,"image":{"@type":"ImageObject","@id":"https:\/\/secure.gravatar.com\/avatar\/9650bad63f840fe2951db83904c5d1edf6fafb8283b72071d80cdc2088366373?s=96&d=mm&r=g","url":"https:\/\/secure.gravatar.com\/avatar\/9650bad63f840fe2951db83904c5d1edf6fafb8283b72071d80cdc2088366373?s=96&d=mm&r=g","height":96,"width":96}},"publisher":{"@type":"Organization","name":"vanillao.cz","logo":{"@type":"ImageObject","@id":"\/logo.png","url":"\/logo.png","width":600,"height":60}},"image":{"@type":"ImageObject","@id":"https:\/\/www.vanillao.cz\/wp-content\/uploads\/img_a342596_w1693_t1555413947.jpg","url":"https:\/\/www.vanillao.cz\/wp-content\/uploads\/img_a342596_w1693_t1555413947.jpg","height":0,"width":0},"wordCount":514,"keywords":null},{"@type":"Article","@id":"https:\/\/www.vanillao.cz\/sedm-novodobych-divu-sveta\/","headline":"Sedm novodob\u00fdch div\u016f sv\u011bta","url":"https:\/\/www.vanillao.cz\/sedm-novodobych-divu-sveta\/","datePublished":"2019-02-02","dateModified":"2023-05-03","mainEntityOfPage":"https:\/\/www.vanillao.cz\/sedm-novodobych-divu-sveta\/","author":{"@type":"Person","@id":"https:\/\/www.vanillao.cz\/author\/#Person","name":"","url":"https:\/\/www.vanillao.cz\/author\/","identifier":1,"image":{"@type":"ImageObject","@id":"https:\/\/secure.gravatar.com\/avatar\/9650bad63f840fe2951db83904c5d1edf6fafb8283b72071d80cdc2088366373?s=96&d=mm&r=g","url":"https:\/\/secure.gravatar.com\/avatar\/9650bad63f840fe2951db83904c5d1edf6fafb8283b72071d80cdc2088366373?s=96&d=mm&r=g","height":96,"width":96}},"publisher":{"@type":"Organization","name":"vanillao.cz","logo":{"@type":"ImageObject","@id":"\/logo.png","url":"\/logo.png","width":600,"height":60}},"image":{"@type":"ImageObject","@id":"https:\/\/www.vanillao.cz\/wp-content\/uploads\/img_a338114_w2050_t1550922033.jpg","url":"https:\/\/www.vanillao.cz\/wp-content\/uploads\/img_a338114_w2050_t1550922033.jpg","height":0,"width":0},"wordCount":520,"keywords":null},{"@type":"Article","@id":"https:\/\/www.vanillao.cz\/date-to-nebojte\/","headline":"D\u00e1te to, nebojte","url":"https:\/\/www.vanillao.cz\/date-to-nebojte\/","datePublished":"2019-01-11","dateModified":"2023-05-03","mainEntityOfPage":"https:\/\/www.vanillao.cz\/date-to-nebojte\/","author":{"@type":"Person","@id":"https:\/\/www.vanillao.cz\/author\/#Person","name":"","url":"https:\/\/www.vanillao.cz\/author\/","identifier":1,"image":{"@type":"ImageObject","@id":"https:\/\/secure.gravatar.com\/avatar\/9650bad63f840fe2951db83904c5d1edf6fafb8283b72071d80cdc2088366373?s=96&d=mm&r=g","url":"https:\/\/secure.gravatar.com\/avatar\/9650bad63f840fe2951db83904c5d1edf6fafb8283b72071d80cdc2088366373?s=96&d=mm&r=g","height":96,"width":96}},"publisher":{"@type":"Organization","name":"vanillao.cz","logo":{"@type":"ImageObject","@id":"\/logo.png","url":"\/logo.png","width":600,"height":60}},"image":{"@type":"ImageObject","@id":"https:\/\/www.vanillao.cz\/wp-content\/uploads\/img_a338399_w1719_t1551166714.jpg","url":"https:\/\/www.vanillao.cz\/wp-content\/uploads\/img_a338399_w1719_t1551166714.jpg","height":0,"width":0},"wordCount":562,"keywords":null}]},{"@context":"https:\/\/schema.org","@type":"WebSite","@id":"https:\/\/www.vanillao.cz\/#website","name":"Vanillao","url":"https:\/\/www.vanillao.cz","potentialAction":{"@type":"SearchAction","target":"https:\/\/www.vanillao.cz\/?s={search_term_string}","query-input":"required name=search_term_string"}}]