[{"@context":"https:\/\/schema.org\/","@type":"Blog","@id":"https:\/\/www.vanillao.cz#Blog","headline":"Vanillao","description":"\nPro\u010d byste m\u011bli na internetu po cel\u00e9 nekone\u010dn\u00e9 hodiny pracn\u011b hledat ty nejlukrativn\u011bj\u0161\u00ed nab\u00eddky? Kdy\u017e je m\u00e1te ve zna\u010dn\u00e9m mno\u017estv\u00ed pr\u00e1v\u011b zde na na\u0161em webu.","url":"https:\/\/www.vanillao.cz","hasPart":[{"@type":"Article","@id":"https:\/\/www.vanillao.cz\/mate-malo-nebo-tak-akorat\/","headline":"M\u00e1te m\u00e1lo nebo tak akor\u00e1t?","url":"https:\/\/www.vanillao.cz\/mate-malo-nebo-tak-akorat\/","datePublished":"2023-04-30","dateModified":"2023-04-30","mainEntityOfPage":"https:\/\/www.vanillao.cz\/mate-malo-nebo-tak-akorat\/","author":{"@type":"Person","@id":"https:\/\/www.vanillao.cz\/author\/#Person","name":"","url":"https:\/\/www.vanillao.cz\/author\/","identifier":1,"image":{"@type":"ImageObject","@id":"https:\/\/secure.gravatar.com\/avatar\/9650bad63f840fe2951db83904c5d1edf6fafb8283b72071d80cdc2088366373?s=96&d=mm&r=g","url":"https:\/\/secure.gravatar.com\/avatar\/9650bad63f840fe2951db83904c5d1edf6fafb8283b72071d80cdc2088366373?s=96&d=mm&r=g","height":96,"width":96}},"publisher":{"@type":"Organization","name":"vanillao.cz","logo":{"@type":"ImageObject","@id":"\/logo.png","url":"\/logo.png","width":600,"height":60}},"image":{"@type":"ImageObject","@id":"https:\/\/www.vanillao.cz\/wp-content\/uploads\/smiley-g19f61f8e7_640.jpg","url":"https:\/\/www.vanillao.cz\/wp-content\/uploads\/smiley-g19f61f8e7_640.jpg","height":0,"width":0},"wordCount":584,"keywords":null},{"@type":"Article","@id":"https:\/\/www.vanillao.cz\/jak-se-vam-libi-myslenka-brzkeho-ziskani-financni-hotovosti\/","headline":"Jak se V\u00e1m l\u00edb\u00ed my\u0161lenka brzk\u00e9ho z\u00edsk\u00e1n\u00ed finan\u010dn\u00ed hotovosti?","url":"https:\/\/www.vanillao.cz\/jak-se-vam-libi-myslenka-brzkeho-ziskani-financni-hotovosti\/","datePublished":"2023-04-17","dateModified":"2024-04-19","mainEntityOfPage":"https:\/\/www.vanillao.cz\/jak-se-vam-libi-myslenka-brzkeho-ziskani-financni-hotovosti\/","author":{"@type":"Person","@id":"https:\/\/www.vanillao.cz\/author\/#Person","name":"","url":"https:\/\/www.vanillao.cz\/author\/","identifier":1,"image":{"@type":"ImageObject","@id":"https:\/\/secure.gravatar.com\/avatar\/9650bad63f840fe2951db83904c5d1edf6fafb8283b72071d80cdc2088366373?s=96&d=mm&r=g","url":"https:\/\/secure.gravatar.com\/avatar\/9650bad63f840fe2951db83904c5d1edf6fafb8283b72071d80cdc2088366373?s=96&d=mm&r=g","height":96,"width":96}},"publisher":{"@type":"Organization","name":"vanillao.cz","logo":{"@type":"ImageObject","@id":"\/logo.png","url":"\/logo.png","width":600,"height":60}},"image":null,"wordCount":479,"keywords":null},{"@type":"Article","@id":"https:\/\/www.vanillao.cz\/jak-naucit-deti-nebat-se-vody\/","headline":"Jak nau\u010dit d\u011bti neb\u00e1t se vody","url":"https:\/\/www.vanillao.cz\/jak-naucit-deti-nebat-se-vody\/","datePublished":"2023-04-11","dateModified":"2023-06-13","mainEntityOfPage":"https:\/\/www.vanillao.cz\/jak-naucit-deti-nebat-se-vody\/","author":{"@type":"Person","@id":"https:\/\/www.vanillao.cz\/author\/#Person","name":"","url":"https:\/\/www.vanillao.cz\/author\/","identifier":1,"image":{"@type":"ImageObject","@id":"https:\/\/secure.gravatar.com\/avatar\/9650bad63f840fe2951db83904c5d1edf6fafb8283b72071d80cdc2088366373?s=96&d=mm&r=g","url":"https:\/\/secure.gravatar.com\/avatar\/9650bad63f840fe2951db83904c5d1edf6fafb8283b72071d80cdc2088366373?s=96&d=mm&r=g","height":96,"width":96}},"publisher":{"@type":"Organization","name":"vanillao.cz","logo":{"@type":"ImageObject","@id":"\/logo.png","url":"\/logo.png","width":600,"height":60}},"image":{"@type":"ImageObject","@id":"https:\/\/www.vanillao.cz\/wp-content\/uploads\/pool-1227098__480.jpg","url":"https:\/\/www.vanillao.cz\/wp-content\/uploads\/pool-1227098__480.jpg","height":0,"width":0},"wordCount":504,"keywords":null},{"@type":"Article","@id":"https:\/\/www.vanillao.cz\/ubrusy-na-miru-jak-si-vytvorit-dokonaly-dekor-pro-vasi-tabuli\/","headline":"Ubrusy na m\u00edru \u2013 jak si vytvo\u0159it dokonal\u00fd dekor pro va\u0161i tabuli","url":"https:\/\/www.vanillao.cz\/ubrusy-na-miru-jak-si-vytvorit-dokonaly-dekor-pro-vasi-tabuli\/","datePublished":"2023-04-10","dateModified":"2023-05-03","mainEntityOfPage":"https:\/\/www.vanillao.cz\/ubrusy-na-miru-jak-si-vytvorit-dokonaly-dekor-pro-vasi-tabuli\/","author":{"@type":"Person","@id":"https:\/\/www.vanillao.cz\/author\/#Person","name":"","url":"https:\/\/www.vanillao.cz\/author\/","identifier":1,"image":{"@type":"ImageObject","@id":"https:\/\/secure.gravatar.com\/avatar\/9650bad63f840fe2951db83904c5d1edf6fafb8283b72071d80cdc2088366373?s=96&d=mm&r=g","url":"https:\/\/secure.gravatar.com\/avatar\/9650bad63f840fe2951db83904c5d1edf6fafb8283b72071d80cdc2088366373?s=96&d=mm&r=g","height":96,"width":96}},"publisher":{"@type":"Organization","name":"vanillao.cz","logo":{"@type":"ImageObject","@id":"\/logo.png","url":"\/logo.png","width":600,"height":60}},"image":{"@type":"ImageObject","@id":"https:\/\/www.vanillao.cz\/wp-content\/uploads\/bily_ubrus_GxoRta.jpg","url":"https:\/\/www.vanillao.cz\/wp-content\/uploads\/bily_ubrus_GxoRta.jpg","height":0,"width":0},"wordCount":733,"keywords":null},{"@type":"Article","@id":"https:\/\/www.vanillao.cz\/e-shop-s-oblecenim-pro-deti\/","headline":"E-shop s oble\u010den\u00edm pro d\u011bti","url":"https:\/\/www.vanillao.cz\/e-shop-s-oblecenim-pro-deti\/","datePublished":"2023-03-11","dateModified":"2024-03-15","mainEntityOfPage":"https:\/\/www.vanillao.cz\/e-shop-s-oblecenim-pro-deti\/","author":{"@type":"Person","@id":"https:\/\/www.vanillao.cz\/author\/#Person","name":"","url":"https:\/\/www.vanillao.cz\/author\/","identifier":1,"image":{"@type":"ImageObject","@id":"https:\/\/secure.gravatar.com\/avatar\/9650bad63f840fe2951db83904c5d1edf6fafb8283b72071d80cdc2088366373?s=96&d=mm&r=g","url":"https:\/\/secure.gravatar.com\/avatar\/9650bad63f840fe2951db83904c5d1edf6fafb8283b72071d80cdc2088366373?s=96&d=mm&r=g","height":96,"width":96}},"publisher":{"@type":"Organization","name":"vanillao.cz","logo":{"@type":"ImageObject","@id":"\/logo.png","url":"\/logo.png","width":600,"height":60}},"image":null,"wordCount":533,"keywords":null},{"@type":"Article","@id":"https:\/\/www.vanillao.cz\/moje-party\/","headline":"Moje p\u00e1rty","url":"https:\/\/www.vanillao.cz\/moje-party\/","datePublished":"2023-03-04","dateModified":"2023-05-03","mainEntityOfPage":"https:\/\/www.vanillao.cz\/moje-party\/","author":{"@type":"Person","@id":"https:\/\/www.vanillao.cz\/author\/#Person","name":"","url":"https:\/\/www.vanillao.cz\/author\/","identifier":1,"image":{"@type":"ImageObject","@id":"https:\/\/secure.gravatar.com\/avatar\/9650bad63f840fe2951db83904c5d1edf6fafb8283b72071d80cdc2088366373?s=96&d=mm&r=g","url":"https:\/\/secure.gravatar.com\/avatar\/9650bad63f840fe2951db83904c5d1edf6fafb8283b72071d80cdc2088366373?s=96&d=mm&r=g","height":96,"width":96}},"publisher":{"@type":"Organization","name":"vanillao.cz","logo":{"@type":"ImageObject","@id":"\/logo.png","url":"\/logo.png","width":600,"height":60}},"image":{"@type":"ImageObject","@id":"https:\/\/www.vanillao.cz\/wp-content\/uploads\/table-setting-2107600_960_720_1.jpg","url":"https:\/\/www.vanillao.cz\/wp-content\/uploads\/table-setting-2107600_960_720_1.jpg","height":0,"width":0},"wordCount":576,"keywords":null},{"@type":"Article","@id":"https:\/\/www.vanillao.cz\/manzelske-krachy\/","headline":"Man\u017eelsk\u00e9 krachy","url":"https:\/\/www.vanillao.cz\/manzelske-krachy\/","datePublished":"2023-02-24","dateModified":"2023-05-31","mainEntityOfPage":"https:\/\/www.vanillao.cz\/manzelske-krachy\/","author":{"@type":"Person","@id":"https:\/\/www.vanillao.cz\/author\/#Person","name":"","url":"https:\/\/www.vanillao.cz\/author\/","identifier":1,"image":{"@type":"ImageObject","@id":"https:\/\/secure.gravatar.com\/avatar\/9650bad63f840fe2951db83904c5d1edf6fafb8283b72071d80cdc2088366373?s=96&d=mm&r=g","url":"https:\/\/secure.gravatar.com\/avatar\/9650bad63f840fe2951db83904c5d1edf6fafb8283b72071d80cdc2088366373?s=96&d=mm&r=g","height":96,"width":96}},"publisher":{"@type":"Organization","name":"vanillao.cz","logo":{"@type":"ImageObject","@id":"\/logo.png","url":"\/logo.png","width":600,"height":60}},"image":{"@type":"ImageObject","@id":"https:\/\/www.vanillao.cz\/wp-content\/uploads\/hotel_room_bedroom_interior.jpg","url":"https:\/\/www.vanillao.cz\/wp-content\/uploads\/hotel_room_bedroom_interior.jpg","height":0,"width":0},"wordCount":516,"keywords":null},{"@type":"Article","@id":"https:\/\/www.vanillao.cz\/nova-chut-tabaku-vyzkousejte-novou-smes-pro-nezapomenutelny-zazitek\/","headline":"Nov\u00e1 chu\u0165 tab\u00e1ku: Vyzkou\u0161ejte novou sm\u011bs pro nezapomenuteln\u00fd z\u00e1\u017eitek","url":"https:\/\/www.vanillao.cz\/nova-chut-tabaku-vyzkousejte-novou-smes-pro-nezapomenutelny-zazitek\/","datePublished":"2023-02-13","dateModified":"2023-05-03","mainEntityOfPage":"https:\/\/www.vanillao.cz\/nova-chut-tabaku-vyzkousejte-novou-smes-pro-nezapomenutelny-zazitek\/","author":{"@type":"Person","@id":"https:\/\/www.vanillao.cz\/author\/#Person","name":"","url":"https:\/\/www.vanillao.cz\/author\/","identifier":1,"image":{"@type":"ImageObject","@id":"https:\/\/secure.gravatar.com\/avatar\/9650bad63f840fe2951db83904c5d1edf6fafb8283b72071d80cdc2088366373?s=96&d=mm&r=g","url":"https:\/\/secure.gravatar.com\/avatar\/9650bad63f840fe2951db83904c5d1edf6fafb8283b72071d80cdc2088366373?s=96&d=mm&r=g","height":96,"width":96}},"publisher":{"@type":"Organization","name":"vanillao.cz","logo":{"@type":"ImageObject","@id":"\/logo.png","url":"\/logo.png","width":600,"height":60}},"image":{"@type":"ImageObject","@id":"https:\/\/www.vanillao.cz\/wp-content\/uploads\/mentol_eVT1dh.png","url":"https:\/\/www.vanillao.cz\/wp-content\/uploads\/mentol_eVT1dh.png","height":0,"width":0},"wordCount":633,"keywords":null},{"@type":"Article","@id":"https:\/\/www.vanillao.cz\/sila-drahych-kamenu\/","headline":"S\u00edla drah\u00fdch kamen\u016f","url":"https:\/\/www.vanillao.cz\/sila-drahych-kamenu\/","datePublished":"2022-11-21","dateModified":"2023-05-03","mainEntityOfPage":"https:\/\/www.vanillao.cz\/sila-drahych-kamenu\/","author":{"@type":"Person","@id":"https:\/\/www.vanillao.cz\/author\/#Person","name":"","url":"https:\/\/www.vanillao.cz\/author\/","identifier":1,"image":{"@type":"ImageObject","@id":"https:\/\/secure.gravatar.com\/avatar\/9650bad63f840fe2951db83904c5d1edf6fafb8283b72071d80cdc2088366373?s=96&d=mm&r=g","url":"https:\/\/secure.gravatar.com\/avatar\/9650bad63f840fe2951db83904c5d1edf6fafb8283b72071d80cdc2088366373?s=96&d=mm&r=g","height":96,"width":96}},"publisher":{"@type":"Organization","name":"vanillao.cz","logo":{"@type":"ImageObject","@id":"\/logo.png","url":"\/logo.png","width":600,"height":60}},"image":{"@type":"ImageObject","@id":"https:\/\/www.vanillao.cz\/wp-content\/uploads\/sv%C3%ADce%20ach%C3%A1tov%C3%BD.jpg","url":"https:\/\/www.vanillao.cz\/wp-content\/uploads\/sv%C3%ADce%20ach%C3%A1tov%C3%BD.jpg","height":0,"width":0},"wordCount":626,"keywords":null},{"@type":"Article","@id":"https:\/\/www.vanillao.cz\/co-kdyz-zjistite-ze-mate-alergii-na-zvireci-chlupy\/","headline":"Co kdy\u017e zjist\u00edte, \u017ee m\u00e1te alergii na zv\u00ed\u0159ec\u00ed chlupy?","url":"https:\/\/www.vanillao.cz\/co-kdyz-zjistite-ze-mate-alergii-na-zvireci-chlupy\/","datePublished":"2022-11-07","dateModified":"2023-05-03","mainEntityOfPage":"https:\/\/www.vanillao.cz\/co-kdyz-zjistite-ze-mate-alergii-na-zvireci-chlupy\/","author":{"@type":"Person","@id":"https:\/\/www.vanillao.cz\/author\/#Person","name":"","url":"https:\/\/www.vanillao.cz\/author\/","identifier":1,"image":{"@type":"ImageObject","@id":"https:\/\/secure.gravatar.com\/avatar\/9650bad63f840fe2951db83904c5d1edf6fafb8283b72071d80cdc2088366373?s=96&d=mm&r=g","url":"https:\/\/secure.gravatar.com\/avatar\/9650bad63f840fe2951db83904c5d1edf6fafb8283b72071d80cdc2088366373?s=96&d=mm&r=g","height":96,"width":96}},"publisher":{"@type":"Organization","name":"vanillao.cz","logo":{"@type":"ImageObject","@id":"\/logo.png","url":"\/logo.png","width":600,"height":60}},"image":{"@type":"ImageObject","@id":"https:\/\/www.vanillao.cz\/wp-content\/uploads\/zvi%C5%99_4.JPG","url":"https:\/\/www.vanillao.cz\/wp-content\/uploads\/zvi%C5%99_4.JPG","height":0,"width":0},"wordCount":602,"keywords":null}]},{"@context":"https:\/\/schema.org","@type":"WebSite","@id":"https:\/\/www.vanillao.cz\/#website","name":"Vanillao","url":"https:\/\/www.vanillao.cz","potentialAction":{"@type":"SearchAction","target":"https:\/\/www.vanillao.cz\/?s={search_term_string}","query-input":"required name=search_term_string"}}]