[{"@context":"https:\/\/schema.org\/","@type":"Blog","@id":"https:\/\/www.vanillao.cz#Blog","headline":"Vanillao","description":"\nPro\u010d byste m\u011bli na internetu po cel\u00e9 nekone\u010dn\u00e9 hodiny pracn\u011b hledat ty nejlukrativn\u011bj\u0161\u00ed nab\u00eddky? Kdy\u017e je m\u00e1te ve zna\u010dn\u00e9m mno\u017estv\u00ed pr\u00e1v\u011b zde na na\u0161em webu.","url":"https:\/\/www.vanillao.cz","hasPart":[{"@type":"Article","@id":"https:\/\/www.vanillao.cz\/chcete-se-naucit-novy-jazyk\/","headline":"Chcete se nau\u010dit nov\u00fd jazyk?","url":"https:\/\/www.vanillao.cz\/chcete-se-naucit-novy-jazyk\/","datePublished":"2022-10-16","dateModified":"2022-10-16","mainEntityOfPage":"https:\/\/www.vanillao.cz\/chcete-se-naucit-novy-jazyk\/","author":{"@type":"Person","@id":"https:\/\/www.vanillao.cz\/author\/#Person","name":"","url":"https:\/\/www.vanillao.cz\/author\/","identifier":1,"image":{"@type":"ImageObject","@id":"https:\/\/secure.gravatar.com\/avatar\/9650bad63f840fe2951db83904c5d1edf6fafb8283b72071d80cdc2088366373?s=96&d=mm&r=g","url":"https:\/\/secure.gravatar.com\/avatar\/9650bad63f840fe2951db83904c5d1edf6fafb8283b72071d80cdc2088366373?s=96&d=mm&r=g","height":96,"width":96}},"publisher":{"@type":"Organization","name":"vanillao.cz","logo":{"@type":"ImageObject","@id":"\/logo.png","url":"\/logo.png","width":600,"height":60}},"image":{"@type":"ImageObject","@id":"https:\/\/www.vanillao.cz\/wp-content\/uploads\/pexels-pixabay-459971.jpg","url":"https:\/\/www.vanillao.cz\/wp-content\/uploads\/pexels-pixabay-459971.jpg","height":0,"width":0},"wordCount":585,"keywords":null},{"@type":"Article","@id":"https:\/\/www.vanillao.cz\/i-pujcka-se-nekdy-hodi\/","headline":"I p\u016fj\u010dka se n\u011bkdy hod\u00ed","url":"https:\/\/www.vanillao.cz\/i-pujcka-se-nekdy-hodi\/","datePublished":"2022-10-11","dateModified":"2023-11-30","mainEntityOfPage":"https:\/\/www.vanillao.cz\/i-pujcka-se-nekdy-hodi\/","author":{"@type":"Person","@id":"https:\/\/www.vanillao.cz\/author\/#Person","name":"","url":"https:\/\/www.vanillao.cz\/author\/","identifier":1,"image":{"@type":"ImageObject","@id":"https:\/\/secure.gravatar.com\/avatar\/9650bad63f840fe2951db83904c5d1edf6fafb8283b72071d80cdc2088366373?s=96&d=mm&r=g","url":"https:\/\/secure.gravatar.com\/avatar\/9650bad63f840fe2951db83904c5d1edf6fafb8283b72071d80cdc2088366373?s=96&d=mm&r=g","height":96,"width":96}},"publisher":{"@type":"Organization","name":"vanillao.cz","logo":{"@type":"ImageObject","@id":"\/logo.png","url":"\/logo.png","width":600,"height":60}},"image":{"@type":"ImageObject","@id":"https:\/\/www.vanillao.cz\/wp-content\/uploads\/evropsk%C3%A9%20mince_10_5.jpg","url":"https:\/\/www.vanillao.cz\/wp-content\/uploads\/evropsk%C3%A9%20mince_10_5.jpg","height":0,"width":0},"wordCount":576,"keywords":null},{"@type":"Article","@id":"https:\/\/www.vanillao.cz\/pro-provoz-horske-chaty-potrebujete-webove-stranky-s-podchycenym-seo\/","headline":"Pro provoz horsk\u00e9 chaty pot\u0159ebujete webov\u00e9 str\u00e1nky s podchycen\u00fdm SEO","url":"https:\/\/www.vanillao.cz\/pro-provoz-horske-chaty-potrebujete-webove-stranky-s-podchycenym-seo\/","datePublished":"2022-09-30","dateModified":"2022-09-30","mainEntityOfPage":"https:\/\/www.vanillao.cz\/pro-provoz-horske-chaty-potrebujete-webove-stranky-s-podchycenym-seo\/","author":{"@type":"Person","@id":"https:\/\/www.vanillao.cz\/author\/#Person","name":"","url":"https:\/\/www.vanillao.cz\/author\/","identifier":1,"image":{"@type":"ImageObject","@id":"https:\/\/secure.gravatar.com\/avatar\/9650bad63f840fe2951db83904c5d1edf6fafb8283b72071d80cdc2088366373?s=96&d=mm&r=g","url":"https:\/\/secure.gravatar.com\/avatar\/9650bad63f840fe2951db83904c5d1edf6fafb8283b72071d80cdc2088366373?s=96&d=mm&r=g","height":96,"width":96}},"publisher":{"@type":"Organization","name":"vanillao.cz","logo":{"@type":"ImageObject","@id":"\/logo.png","url":"\/logo.png","width":600,"height":60}},"image":{"@type":"ImageObject","@id":"https:\/\/www.vanillao.cz\/wp-content\/uploads\/mountains-g763f4e128_640.jpg","url":"https:\/\/www.vanillao.cz\/wp-content\/uploads\/mountains-g763f4e128_640.jpg","height":0,"width":0},"wordCount":569,"keywords":null},{"@type":"Article","@id":"https:\/\/www.vanillao.cz\/podrobnosti-fikce-a-svet-cbd\/","headline":"Podrobnosti, fikce a sv\u011bt cbd","url":"https:\/\/www.vanillao.cz\/podrobnosti-fikce-a-svet-cbd\/","datePublished":"2022-09-26","dateModified":"2023-05-03","mainEntityOfPage":"https:\/\/www.vanillao.cz\/podrobnosti-fikce-a-svet-cbd\/","author":{"@type":"Person","@id":"https:\/\/www.vanillao.cz\/author\/#Person","name":"","url":"https:\/\/www.vanillao.cz\/author\/","identifier":1,"image":{"@type":"ImageObject","@id":"https:\/\/secure.gravatar.com\/avatar\/9650bad63f840fe2951db83904c5d1edf6fafb8283b72071d80cdc2088366373?s=96&d=mm&r=g","url":"https:\/\/secure.gravatar.com\/avatar\/9650bad63f840fe2951db83904c5d1edf6fafb8283b72071d80cdc2088366373?s=96&d=mm&r=g","height":96,"width":96}},"publisher":{"@type":"Organization","name":"vanillao.cz","logo":{"@type":"ImageObject","@id":"\/logo.png","url":"\/logo.png","width":600,"height":60}},"image":{"@type":"ImageObject","@id":"https:\/\/www.vanillao.cz\/wp-content\/uploads\/cbd_kapyk_bKNiTJ.jpg","url":"https:\/\/www.vanillao.cz\/wp-content\/uploads\/cbd_kapyk_bKNiTJ.jpg","height":0,"width":0},"wordCount":712,"keywords":null},{"@type":"Article","@id":"https:\/\/www.vanillao.cz\/malo-znama-fakta-o-cbd-oleji\/","headline":"M\u00e1lo zn\u00e1m\u00e1 fakta o cbd oleji","url":"https:\/\/www.vanillao.cz\/malo-znama-fakta-o-cbd-oleji\/","datePublished":"2022-09-19","dateModified":"2023-05-03","mainEntityOfPage":"https:\/\/www.vanillao.cz\/malo-znama-fakta-o-cbd-oleji\/","author":{"@type":"Person","@id":"https:\/\/www.vanillao.cz\/author\/#Person","name":"","url":"https:\/\/www.vanillao.cz\/author\/","identifier":1,"image":{"@type":"ImageObject","@id":"https:\/\/secure.gravatar.com\/avatar\/9650bad63f840fe2951db83904c5d1edf6fafb8283b72071d80cdc2088366373?s=96&d=mm&r=g","url":"https:\/\/secure.gravatar.com\/avatar\/9650bad63f840fe2951db83904c5d1edf6fafb8283b72071d80cdc2088366373?s=96&d=mm&r=g","height":96,"width":96}},"publisher":{"@type":"Organization","name":"vanillao.cz","logo":{"@type":"ImageObject","@id":"\/logo.png","url":"\/logo.png","width":600,"height":60}},"image":{"@type":"ImageObject","@id":"https:\/\/www.vanillao.cz\/wp-content\/uploads\/cbd_olej_0QXCgA.jpg","url":"https:\/\/www.vanillao.cz\/wp-content\/uploads\/cbd_olej_0QXCgA.jpg","height":0,"width":0},"wordCount":832,"keywords":null},{"@type":"Article","@id":"https:\/\/www.vanillao.cz\/zadna-ostuda-uz-nehrozi-aneb-dress-code-na-pozvankach\/","headline":"\u017d\u00e1dn\u00e1 ostuda u\u017e nehroz\u00ed, aneb dress code na pozv\u00e1nk\u00e1ch","url":"https:\/\/www.vanillao.cz\/zadna-ostuda-uz-nehrozi-aneb-dress-code-na-pozvankach\/","datePublished":"2022-08-16","dateModified":"2023-05-03","mainEntityOfPage":"https:\/\/www.vanillao.cz\/zadna-ostuda-uz-nehrozi-aneb-dress-code-na-pozvankach\/","author":{"@type":"Person","@id":"https:\/\/www.vanillao.cz\/author\/#Person","name":"","url":"https:\/\/www.vanillao.cz\/author\/","identifier":1,"image":{"@type":"ImageObject","@id":"https:\/\/secure.gravatar.com\/avatar\/9650bad63f840fe2951db83904c5d1edf6fafb8283b72071d80cdc2088366373?s=96&d=mm&r=g","url":"https:\/\/secure.gravatar.com\/avatar\/9650bad63f840fe2951db83904c5d1edf6fafb8283b72071d80cdc2088366373?s=96&d=mm&r=g","height":96,"width":96}},"publisher":{"@type":"Organization","name":"vanillao.cz","logo":{"@type":"ImageObject","@id":"\/logo.png","url":"\/logo.png","width":600,"height":60}},"image":{"@type":"ImageObject","@id":"https:\/\/www.vanillao.cz\/wp-content\/uploads\/garden%20party.jpg","url":"https:\/\/www.vanillao.cz\/wp-content\/uploads\/garden%20party.jpg","height":0,"width":0},"wordCount":717,"keywords":null},{"@type":"Article","@id":"https:\/\/www.vanillao.cz\/proc-muzi-zapominaji\/","headline":"Pro\u010d mu\u017ei zapom\u00ednaj\u00ed?","url":"https:\/\/www.vanillao.cz\/proc-muzi-zapominaji\/","datePublished":"2022-07-27","dateModified":"2023-05-03","mainEntityOfPage":"https:\/\/www.vanillao.cz\/proc-muzi-zapominaji\/","author":{"@type":"Person","@id":"https:\/\/www.vanillao.cz\/author\/#Person","name":"","url":"https:\/\/www.vanillao.cz\/author\/","identifier":1,"image":{"@type":"ImageObject","@id":"https:\/\/secure.gravatar.com\/avatar\/9650bad63f840fe2951db83904c5d1edf6fafb8283b72071d80cdc2088366373?s=96&d=mm&r=g","url":"https:\/\/secure.gravatar.com\/avatar\/9650bad63f840fe2951db83904c5d1edf6fafb8283b72071d80cdc2088366373?s=96&d=mm&r=g","height":96,"width":96}},"publisher":{"@type":"Organization","name":"vanillao.cz","logo":{"@type":"ImageObject","@id":"\/logo.png","url":"\/logo.png","width":600,"height":60}},"image":{"@type":"ImageObject","@id":"https:\/\/www.vanillao.cz\/wp-content\/uploads\/note-3454277_640.jpg","url":"https:\/\/www.vanillao.cz\/wp-content\/uploads\/note-3454277_640.jpg","height":0,"width":0},"wordCount":542,"keywords":null},{"@type":"Article","@id":"https:\/\/www.vanillao.cz\/skutecne-se-fotovoltaika-plzen-vyplati\/","headline":"Skute\u010dn\u011b se fotovoltaika Plze\u0148 vyplat\u00ed?","url":"https:\/\/www.vanillao.cz\/skutecne-se-fotovoltaika-plzen-vyplati\/","datePublished":"2022-07-11","dateModified":"2024-02-04","mainEntityOfPage":"https:\/\/www.vanillao.cz\/skutecne-se-fotovoltaika-plzen-vyplati\/","author":{"@type":"Person","@id":"https:\/\/www.vanillao.cz\/author\/#Person","name":"","url":"https:\/\/www.vanillao.cz\/author\/","identifier":1,"image":{"@type":"ImageObject","@id":"https:\/\/secure.gravatar.com\/avatar\/9650bad63f840fe2951db83904c5d1edf6fafb8283b72071d80cdc2088366373?s=96&d=mm&r=g","url":"https:\/\/secure.gravatar.com\/avatar\/9650bad63f840fe2951db83904c5d1edf6fafb8283b72071d80cdc2088366373?s=96&d=mm&r=g","height":96,"width":96}},"publisher":{"@type":"Organization","name":"vanillao.cz","logo":{"@type":"ImageObject","@id":"\/logo.png","url":"\/logo.png","width":600,"height":60}},"image":{"@type":"ImageObject","@id":"https:\/\/www.vanillao.cz\/wp-content\/uploads\/fotovoltaika2_1.png","url":"https:\/\/www.vanillao.cz\/wp-content\/uploads\/fotovoltaika2_1.png","height":0,"width":0},"wordCount":584,"keywords":null},{"@type":"Article","@id":"https:\/\/www.vanillao.cz\/proc-si-postavit-zahradni-altan-ci-pergolu\/","headline":"Pro\u010d si postavit zahradn\u00ed alt\u00e1n \u010di pergolu?","url":"https:\/\/www.vanillao.cz\/proc-si-postavit-zahradni-altan-ci-pergolu\/","datePublished":"2022-07-09","dateModified":"2023-12-13","mainEntityOfPage":"https:\/\/www.vanillao.cz\/proc-si-postavit-zahradni-altan-ci-pergolu\/","author":{"@type":"Person","@id":"https:\/\/www.vanillao.cz\/author\/#Person","name":"","url":"https:\/\/www.vanillao.cz\/author\/","identifier":1,"image":{"@type":"ImageObject","@id":"https:\/\/secure.gravatar.com\/avatar\/9650bad63f840fe2951db83904c5d1edf6fafb8283b72071d80cdc2088366373?s=96&d=mm&r=g","url":"https:\/\/secure.gravatar.com\/avatar\/9650bad63f840fe2951db83904c5d1edf6fafb8283b72071d80cdc2088366373?s=96&d=mm&r=g","height":96,"width":96}},"publisher":{"@type":"Organization","name":"vanillao.cz","logo":{"@type":"ImageObject","@id":"\/logo.png","url":"\/logo.png","width":600,"height":60}},"image":{"@type":"ImageObject","@id":"https:\/\/www.vanillao.cz\/wp-content\/uploads\/zahrada%20(4).jpg","url":"https:\/\/www.vanillao.cz\/wp-content\/uploads\/zahrada%20(4).jpg","height":0,"width":0},"wordCount":573,"keywords":null},{"@type":"Article","@id":"https:\/\/www.vanillao.cz\/kalcit\/","headline":"Kalcit","url":"https:\/\/www.vanillao.cz\/kalcit\/","datePublished":"2022-06-13","dateModified":"2023-05-03","mainEntityOfPage":"https:\/\/www.vanillao.cz\/kalcit\/","author":{"@type":"Person","@id":"https:\/\/www.vanillao.cz\/author\/#Person","name":"","url":"https:\/\/www.vanillao.cz\/author\/","identifier":1,"image":{"@type":"ImageObject","@id":"https:\/\/secure.gravatar.com\/avatar\/9650bad63f840fe2951db83904c5d1edf6fafb8283b72071d80cdc2088366373?s=96&d=mm&r=g","url":"https:\/\/secure.gravatar.com\/avatar\/9650bad63f840fe2951db83904c5d1edf6fafb8283b72071d80cdc2088366373?s=96&d=mm&r=g","height":96,"width":96}},"publisher":{"@type":"Organization","name":"vanillao.cz","logo":{"@type":"ImageObject","@id":"\/logo.png","url":"\/logo.png","width":600,"height":60}},"image":{"@type":"ImageObject","@id":"https:\/\/www.vanillao.cz\/wp-content\/uploads\/kalcit_smaragdovy_iftTbo.jpg","url":"https:\/\/www.vanillao.cz\/wp-content\/uploads\/kalcit_smaragdovy_iftTbo.jpg","height":0,"width":0},"wordCount":519,"keywords":null}]},{"@context":"https:\/\/schema.org","@type":"WebSite","@id":"https:\/\/www.vanillao.cz\/#website","name":"Vanillao","url":"https:\/\/www.vanillao.cz","potentialAction":{"@type":"SearchAction","target":"https:\/\/www.vanillao.cz\/?s={search_term_string}","query-input":"required name=search_term_string"}}]