[{"@context":"https:\/\/schema.org\/","@type":"Article","@id":"https:\/\/www.vanillao.cz\/problem-jmenem-pujcka\/#Article","mainEntityOfPage":"https:\/\/www.vanillao.cz\/problem-jmenem-pujcka\/","headline":"Probl\u00e9m jm\u00e9nem p\u016fj\u010dka","name":"Probl\u00e9m jm\u00e9nem p\u016fj\u010dka","description":"Ten, kdo nikdy nepoc\u00edtil skute\u010dnou nouzi a nemusel tuto \u0159e\u0161it, si nejednou nedok\u00e1\u017ee ani p\u0159edstavit, o jak slo\u017eit\u00fd probl\u00e9m se&hellip;","datePublished":"2020-11-16","dateModified":"2023-05-03","author":{"@type":"Person","@id":"https:\/\/www.vanillao.cz\/author\/#Person","name":"","url":"https:\/\/www.vanillao.cz\/author\/","identifier":1,"image":{"@type":"ImageObject","@id":"https:\/\/secure.gravatar.com\/avatar\/9650bad63f840fe2951db83904c5d1edf6fafb8283b72071d80cdc2088366373?s=96&d=mm&r=g","url":"https:\/\/secure.gravatar.com\/avatar\/9650bad63f840fe2951db83904c5d1edf6fafb8283b72071d80cdc2088366373?s=96&d=mm&r=g","height":96,"width":96}},"publisher":{"@type":"Organization","name":"vanillao.cz","logo":{"@type":"ImageObject","@id":"\/logo.png","url":"\/logo.png","width":600,"height":60}},"image":{"@type":"ImageObject","@id":"https:\/\/www.vanillao.cz\/wp-content\/uploads\/otev%C5%99en%C3%BD%20trezor.png","url":"https:\/\/www.vanillao.cz\/wp-content\/uploads\/otev%C5%99en%C3%BD%20trezor.png","height":0,"width":0},"url":"https:\/\/www.vanillao.cz\/problem-jmenem-pujcka\/","about":["Pen\u00edze"],"wordCount":419,"articleBody":"     Ten, kdo nikdy nepoc\u00edtil skute\u010dnou nouzi a nemusel tuto \u0159e\u0161it, si nejednou nedok\u00e1\u017ee ani p\u0159edstavit, o jak slo\u017eit\u00fd probl\u00e9m se tu jedn\u00e1. Ten, kdo m\u00e1 alespo\u0148 tolik pen\u011bz, aby zvl\u00e1dal financov\u00e1n\u00ed toho nejpodstatn\u011bj\u0161\u00edho, co s jeho \u017eivotem souvis\u00ed, nedok\u00e1\u017ee pln\u011b pochopit to, co poci\u0165uje ten, komu pen\u00edze nesta\u010d\u00ed ani na ono naprost\u00e9 k norm\u00e1ln\u00edmu \u017eivotu nezbytn\u00e9 minimum.Ale realita u\u017e je prost\u011b takov\u00e1. I kdy\u017e si nelze \u017eivot bez dosta\u010duj\u00edc\u00edho finan\u010dn\u00edho zaji\u0161t\u011bn\u00ed v\u016fbec p\u0159edstavit, je mezi n\u00e1mi nem\u00e1lo t\u011bch, kdo v klidn\u011b i zoufal\u00e9m nedostatku \u017e\u00edt mus\u00ed. Proto\u017ee si zkr\u00e1tka nevyd\u011blaj\u00ed tolik, kolik by pot\u0159ebovali, a nemaj\u00ed ani \u017e\u00e1dn\u00e9 rezervy, je\u017e by se daly vyu\u017e\u00edt.A jak maj\u00ed existovat ti, jim\u017e osud nen\u00ed po finan\u010dn\u00ed str\u00e1nce ani trochu p\u0159\u00edzniv\u011b naklon\u011bn?T\u011bmto nejednou nezb\u00fdv\u00e1 jin\u00e9 \u0159e\u0161en\u00ed, ne\u017e vzet\u00ed si p\u016fj\u010dky, s jej\u00ed\u017e pomoc\u00ed by bylo mo\u017en\u00e9 financovat \u017eivotn\u00ed n\u00e1klady do doby, ne\u017e se v\u0161e urovn\u00e1 a \u017eivot se op\u011bt stane zvladateln\u00fdm.Ov\u0161em co se \u010dasto stane, kdy\u017e se n\u011bkdo v krajn\u011b obt\u00ed\u017en\u00e9 ekonomick\u00e9 situaci obr\u00e1t\u00ed na n\u011bkterou z bank se \u017e\u00e1dost\u00ed o p\u016fj\u010dku? To u\u017e si obvykle dok\u00e1\u017eeme p\u0159edstavit v\u0161ichni. \u017dadatel v nesn\u00e1z\u00edch tu prost\u011b se \u017e\u00e1dost\u00ed neusp\u011bje. Nem\u00e1 dostatek argument\u016f, jimi\u017e by p\u0159esv\u011bd\u010dil o tom, \u017ee p\u016fj\u010dku n\u00e1sledn\u011b \u0159\u00e1dn\u011b splat\u00ed. Nem\u00e1 dostate\u010dn\u011b vysok\u00e9 p\u0159\u00edjmy, nem\u00e1 \u010dist\u00e9 registry dlu\u017en\u00edk\u016f, zato m\u00e1 nejednou i dal\u0161\u00ed nesplacen\u00e9 dluhy \u010di dokonce exekuce\u2026 A banka n\u011bkomu takov\u00e9mu pen\u00edze nep\u016fj\u010d\u00ed. Nechce riskovat, \u017ee u\u017e se s nimi neshled\u00e1.A pak zb\u00fdv\u00e1 lidem v nesn\u00e1z\u00edch u\u017e jen jedin\u00e9 \u0159e\u0161en\u00ed, j\u00edm\u017e jsou nebankovn\u00ed hypot\u00e9ky. Ty se toti\u017e poskytuj\u00ed i lidem, kte\u0159\u00ed toho nemohou mnoho nab\u00eddnout, i t\u011bm, kdo vzbuzuj\u00ed ur\u010ditou obavu, zda a jak se s n\u00e1sledn\u00fdm spl\u00e1cen\u00edm vyp\u0159\u00e1daj\u00ed. Tady se toti\u017e mus\u00ed spl\u00e1cen\u00ed zaru\u010dit z\u00e1stavou nemovitosti, je\u017e by v p\u0159\u00edpad\u011b nespl\u00e1cen\u00ed byla pou\u017eita k od\u0161kodn\u011bn\u00ed poskytovatele t\u00e9to p\u016fj\u010dky.A d\u00edky pr\u00e1v\u011b t\u00e9to z\u00e1stav\u011b se tu pomoci do\u010dk\u00e1 kdekdo. I ti, kdo by ode\u0161li odjinud s nepo\u0159\u00edzenou.                                                                                                                                                                                                                                                                                                                                                                                          4\/5 - (8 votes)        "},{"@context":"https:\/\/schema.org\/","@type":"BreadcrumbList","itemListElement":[{"@type":"ListItem","position":1,"name":"Probl\u00e9m jm\u00e9nem p\u016fj\u010dka","item":"https:\/\/www.vanillao.cz\/problem-jmenem-pujcka\/#breadcrumbitem"}]}]