[{"@context":"https:\/\/schema.org\/","@type":"Article","@id":"https:\/\/www.vanillao.cz\/proc-maji-muzi-problem-s-odchodem-do-duchodu\/#Article","mainEntityOfPage":"https:\/\/www.vanillao.cz\/proc-maji-muzi-problem-s-odchodem-do-duchodu\/","headline":"Pro\u010d maj\u00ed mu\u017ei probl\u00e9m s odchodem do d\u016fchodu?","name":"Pro\u010d maj\u00ed mu\u017ei probl\u00e9m s odchodem do d\u016fchodu?","description":"M\u00e1te doma bru\u010douna? \u010c\u00edm je star\u0161\u00ed, t\u00edm v\u00edce s\u00a0n\u00edm je k\u00a0nevydr\u017een\u00ed? Je popudliv\u00fd, nerv\u00f3zn\u00ed, ok\u0159ikuje v\u00e1s a nen\u00ed s\u00a0n\u00edm \u017e\u00e1dn\u00e1&hellip;","datePublished":"2019-10-27","dateModified":"2023-05-03","author":{"@type":"Person","@id":"https:\/\/www.vanillao.cz\/author\/#Person","name":"","url":"https:\/\/www.vanillao.cz\/author\/","identifier":1,"image":{"@type":"ImageObject","@id":"https:\/\/secure.gravatar.com\/avatar\/9650bad63f840fe2951db83904c5d1edf6fafb8283b72071d80cdc2088366373?s=96&d=mm&r=g","url":"https:\/\/secure.gravatar.com\/avatar\/9650bad63f840fe2951db83904c5d1edf6fafb8283b72071d80cdc2088366373?s=96&d=mm&r=g","height":96,"width":96}},"publisher":{"@type":"Organization","name":"vanillao.cz","logo":{"@type":"ImageObject","@id":"\/logo.png","url":"\/logo.png","width":600,"height":60}},"image":{"@type":"ImageObject","@id":"https:\/\/www.vanillao.cz\/wp-content\/uploads\/img_a357017_w3173_t1571683407.jpg","url":"https:\/\/www.vanillao.cz\/wp-content\/uploads\/img_a357017_w3173_t1571683407.jpg","height":0,"width":0},"url":"https:\/\/www.vanillao.cz\/proc-maji-muzi-problem-s-odchodem-do-duchodu\/","about":["Mu\u017ei"],"wordCount":496,"articleBody":"M\u00e1te doma bru\u010douna? \u010c\u00edm je star\u0161\u00ed, t\u00edm v\u00edce s\u00a0n\u00edm je k\u00a0nevydr\u017een\u00ed? Je popudliv\u00fd, nerv\u00f3zn\u00ed, ok\u0159ikuje v\u00e1s a nen\u00ed s\u00a0n\u00edm \u017e\u00e1dn\u00e1 domluva? Jakmile mu\u017e dovr\u0161\u00ed zpravidla 50 let v\u011bku a v\u00edce, doch\u00e1z\u00ed k\u00a0fyziologick\u00fdm zm\u011bn\u00e1m, kter\u00e9 sice poci\u0165uje, ale nerozum\u00ed jim. Najednou u\u017e nem\u016f\u017ee soulo\u017eit kdy se mu zachce, libido se sni\u017euje, postava nab\u00fdv\u00e1 v\u011bt\u0161\u00edch rozm\u011br\u016f. Pokud mu\u017e nem\u00e1 pravideln\u00fd pohyb a r\u00e1d si d\u00e1 pravideln\u011b to pivko, sem tam n\u011bjak\u00e9ho pan\u00e1\u010dka a neomezuje se v\u00a0j\u00eddle, za\u010d\u00ednaj\u00ed se objevovat tukov\u00e9 pol\u0161t\u00e1\u0159ky.Nejv\u00edce v\u00a0oblasti b\u0159icha. To mu\u017ei na sebev\u011bdom\u00ed nep\u0159id\u00e1. Ale nejhor\u0161\u00ed jsou psychick\u00e9 projevy. St\u00e1rnouc\u00ed mu\u017ei si v\u011bt\u0161inou ani neum\u00ed p\u0159iznat, \u017ee se n\u011bco d\u011bje, \u017ee u\u017e nejsou takov\u00ed Jurov\u00e9 jako b\u00fdvali a, nedej bo\u017ee, takov\u00fd odchod do starobn\u00edho d\u016fchodu! To je pro n\u011bkter\u00e9 mu\u017ee nep\u0159ekonateln\u00fd probl\u00e9m. Proto pracuj\u00ed d\u00e1le, i kdy\u017e poci\u0165uj\u00ed obrovskou \u00fanavu. T\u00edm, \u017ee nemaj\u00ed \u017e\u00e1dn\u00fd vyhran\u011bn\u00fd z\u00e1jem, najednou nev\u011bd\u00ed, co by v\u00a0d\u016fchodu d\u011blali? Neum\u00ed si to v\u016fbec p\u0159edstavit. A t\u00edm v\u00edce nesn\u00e1\u0161ej\u00ed dotazy okol\u00ed, jako nap\u0159\u00edklad: \u201eNem\u00e1\u0161 u\u017e n\u00e1hodou v\u011bk na starobn\u00ed d\u016fchod? Pro\u010d po\u0159\u00e1d pracuje\u0161, v\u017edy\u0165 u\u017e jsi mohl b\u00fdt p\u016fl roku v\u00a0d\u016fchodu? J\u00e1 ti nerozum\u00edm, j\u00e1 m\u00edt d\u016fchod, tak si p\u00edsk\u00e1m. A ty po\u0159\u00e1d pracuje\u0161. Pro\u010d?\u201cPro\u010d? Proto\u017ee p\u0159echod z\u00a0aktivn\u00ed \u010dinnosti do starobn\u00edho d\u016fchodu je pro v\u0161echny \u2013 jak pro \u017eeny, tak pro mu\u017ee, obrovsk\u00e1 zm\u011bna. N\u011bkdo se na ni t\u011b\u0161\u00ed, ale jin\u00ed s\u00a0odchodem do d\u016fchodu maj\u00ed velk\u00fd probl\u00e9m. Obzvl\u00e1\u0161t\u011b mu\u017ei. P\u00e1n tvorstva nebude najednou ak\u010dn\u00ed, nebude m\u00edt pravideln\u00fd denn\u00ed re\u017eim, na jak\u00fd byl cel\u00fd \u017eivot zvykl\u00fd a sv\u00fdm zp\u016fsobem mu vyhovoval, nebude \u0159e\u0161it u\u017e \u017e\u00e1dn\u00fd pracovn\u00ed probl\u00e9m, nebude u\u017e debatovat s\u00a0kolegy o v\u011bcech, kter\u00fdm rozum\u00ed a za kter\u00e9 si ho t\u0159eba kolegov\u00e9 pova\u017euj\u00ed. To najednou den ze dne zmiz\u00ed. A doma ho \u010dek\u00e1 man\u017eelka, kter\u00e1 mu dennodenn\u011b p\u0159edhazuje, \u017ee u\u017e by si m\u011bl odpo\u010dinout a skon\u010dit v\u00a0zam\u011bstn\u00e1n\u00ed. \u017de u\u017e je unaven\u00fd a l\u00e9ta p\u0159ib\u00fdvaj\u00ed. To ale mu\u017e sly\u0161et nechce.\u017deny, obr\u0148te se trp\u011blivost\u00ed a empati\u00ed a pokuste se va\u0161e mu\u017ee pochopit. D\u00e1vejte mu najevo, \u017ee si ho st\u00e1le v\u00e1\u017e\u00edte, \u017ee je pro v\u00e1s st\u00e1le t\u00edm mu\u017eem sn\u016f, jak\u00fdm byl, kdy\u017e jste se sezn\u00e1mili. Mu\u017e pot\u0159ebuje v\u00a0t\u011bchto chv\u00edl\u00edch povzbudit. V\u011b\u0159te, \u017ee \u010dasem se v\u0161echno uprav\u00ed.                                                                                                                                                                                                                                                                                                                                                                                        4\/5 - (10 votes)        "},{"@context":"https:\/\/schema.org\/","@type":"BreadcrumbList","itemListElement":[{"@type":"ListItem","position":1,"name":"Pro\u010d maj\u00ed mu\u017ei probl\u00e9m s odchodem do d\u016fchodu?","item":"https:\/\/www.vanillao.cz\/proc-maji-muzi-problem-s-odchodem-do-duchodu\/#breadcrumbitem"}]}]