[{"@context":"https:\/\/schema.org\/","@type":"Article","@id":"https:\/\/www.vanillao.cz\/proc-muzi-zapominaji\/#Article","mainEntityOfPage":"https:\/\/www.vanillao.cz\/proc-muzi-zapominaji\/","headline":"Pro\u010d mu\u017ei zapom\u00ednaj\u00ed?","name":"Pro\u010d mu\u017ei zapom\u00ednaj\u00ed?","description":"Mu\u017ei maj\u00ed jednu spole\u010dnou vlastnost, kter\u00e1 dok\u00e1\u017ee \u017eeny po\u0159\u00e1dn\u011b nadzvednout ze \u017eidle. Tu\u0161\u00edte, kter\u00e1 to je? Jde o zapom\u00edn\u00e1n\u00ed. Mu\u017ei&hellip;","datePublished":"2022-07-27","dateModified":"2023-05-03","author":{"@type":"Person","@id":"https:\/\/www.vanillao.cz\/author\/#Person","name":"","url":"https:\/\/www.vanillao.cz\/author\/","identifier":1,"image":{"@type":"ImageObject","@id":"https:\/\/secure.gravatar.com\/avatar\/9650bad63f840fe2951db83904c5d1edf6fafb8283b72071d80cdc2088366373?s=96&d=mm&r=g","url":"https:\/\/secure.gravatar.com\/avatar\/9650bad63f840fe2951db83904c5d1edf6fafb8283b72071d80cdc2088366373?s=96&d=mm&r=g","height":96,"width":96}},"publisher":{"@type":"Organization","name":"vanillao.cz","logo":{"@type":"ImageObject","@id":"\/logo.png","url":"\/logo.png","width":600,"height":60}},"image":{"@type":"ImageObject","@id":"https:\/\/www.vanillao.cz\/wp-content\/uploads\/note-3454277_640.jpg","url":"https:\/\/www.vanillao.cz\/wp-content\/uploads\/note-3454277_640.jpg","height":0,"width":0},"url":"https:\/\/www.vanillao.cz\/proc-muzi-zapominaji\/","about":["Mu\u017ei"],"wordCount":434,"articleBody":"Mu\u017ei maj\u00ed jednu spole\u010dnou vlastnost, kter\u00e1 dok\u00e1\u017ee \u017eeny po\u0159\u00e1dn\u011b nadzvednout ze \u017eidle. Tu\u0161\u00edte, kter\u00e1 to je? Jde o zapom\u00edn\u00e1n\u00ed. Mu\u017ei jsou schopni zapomenout to, co jim zrovna \u0159\u00edk\u00e1me. Jsou schopni zapomenout v\u011bc, kterou sly\u0161eli p\u0159ed minutou. A to doslova. T\u011b\u017eko \u0159\u00edct, \u010d\u00edm to je. Jestli je pro n\u011b sd\u011blovan\u00e1 informace natolik nezaj\u00edmav\u00e1, \u017ee ji rad\u011bji rovnou vypust\u00ed, nebo se nedok\u00e1\u017eou soust\u0159edit\u2026Co je na probl\u00e9mu mu\u017esk\u00e9ho zapom\u00edn\u00e1n\u00ed velmi zaj\u00edmav\u00e9 je fakt, \u017ee pracovn\u00ed v\u011bci v\u011bt\u0161inou nezapom\u00ednaj\u00ed. Zato zapomenou datum va\u0161ich narozenin nebo datum t\u0159\u00eddn\u00edch sch\u016fzek. \u00dasm\u011bvn\u00fd je fakt, \u017ee nepom\u00e1haj\u00ed ani l\u00edste\u010dky na lednici ani pozn\u00e1mky v kalend\u00e1\u0159i. Ur\u010dit\u011b to zn\u00e1te &#8211; nem\u016f\u017eete j\u00edt na ud\u00e1lost, kter\u00e1 je d\u016fle\u017eit\u00e1, proto instruujete mu\u017ee, datum, m\u00edsto a \u010das mu nap\u00ed\u0161ete tak, aby ji m\u011bl neust\u00e1le na o\u010d\u00edch. P\u0159ijdete dom\u016f &#8211; a mu\u017ee najdete spokojen\u011b sed\u00edc\u00edho u po\u010d\u00edta\u010de, televize, zkr\u00e1tka jak m\u00e1 r\u00e1d. A jeho omluva? ZAPOMN\u011aL.V\u0161ichni ob\u010das n\u011bco zapomeneme. Ale u mu\u017e\u016f jde o naprosto b\u011b\u017enou vlastnost, kter\u00e1 \u017eeny dok\u00e1\u017ee vyto\u010dit jako nic. Jde toti\u017e o to, \u017ee \u017een\u00e1m se t\u00edm zvy\u0161uje po\u010det povinnost\u00ed, na kter\u00e9 mus\u00ed myslet, a kter\u00e9 mus\u00ed vy\u0159\u00eddit. A komu by se l\u00edbilo, kdyby v\u0161echno musel neust\u00e1le \u0159e\u0161it s\u00e1m? Pr\u00e1v\u011b mu\u017esk\u00e1 zapomn\u011btlivost je \u010dast\u00fdm d\u016fvodem k h\u00e1dk\u00e1m. Proto by bylo t\u00e9r, kdybyste se sna\u017eili v\u00edc zapojovat do chodu. Kdy\u017e vid\u00edte na lednici, \u017ee v p\u00e1tek v 15 m\u00e1te vyzvednout d\u011bti ze \u0161kolky, asi by bylo fajn na to v\u00e1\u017en\u011b myslet.Samostatnou kapitolou je zapom\u00edn\u00e1n\u00ed narozenin. Je v\u00e1\u017en\u011b neslu\u0161n\u00e9 a smutn\u00e9, kdy\u017e zapomenete na to, \u017ee n\u011bkdo z rodiny, \u010di dokonce va\u0161e \u017eena, m\u00e1 narozeniny. To v\u017edycky zabol\u00ed, kdy\u017e si vzpomenete a\u017e po h\u00e1dce, kdy v\u00e1m to va\u0161e drah\u00e1 polovi\u010dka se v\u0161\u00ed par\u00e1dou ve\u010der vy\u010dte. Pokud prost\u011b nem\u00e1te pam\u011b\u0165 na data, tak si je n\u011bkam napi\u0161te.\u00a0Dnes m\u00e1 ka\u017ed\u00fd chytr\u00fd telefon &#8211; pou\u017eijte kalend\u00e1\u0159, a d\u016fle\u017eit\u00e1 data si do n\u011bj jednodu\u0161e ulo\u017ete. Vyu\u017eijte i upom\u00ednky s dostate\u010dn\u00fdm p\u0159edstihem. Potom u\u017e nic nezme\u0161k\u00e1te.                                                                                                                                                                                                                                                                                                                                                                                        3.9\/5 - (15 votes)        "},{"@context":"https:\/\/schema.org\/","@type":"BreadcrumbList","itemListElement":[{"@type":"ListItem","position":1,"name":"Pro\u010d mu\u017ei zapom\u00ednaj\u00ed?","item":"https:\/\/www.vanillao.cz\/proc-muzi-zapominaji\/#breadcrumbitem"}]}]