[{"@context":"https:\/\/schema.org\/","@type":"Article","@id":"https:\/\/www.vanillao.cz\/proc-poridit-detem-mazlicka\/#Article","mainEntityOfPage":"https:\/\/www.vanillao.cz\/proc-poridit-detem-mazlicka\/","headline":"Pro\u010d po\u0159\u00eddit d\u011btem mazl\u00ed\u010dka?","name":"Pro\u010d po\u0159\u00eddit d\u011btem mazl\u00ed\u010dka?","description":"Zejm\u00e9na pokud m\u00e1te doma d\u00edt\u011b jen jedno, to\u010d\u00ed se kolem n\u011bj cel\u00fd sv\u011bt. Nechcete ho ale p\u0159\u00edli\u0161 rozmazlovat a chcete&hellip;","datePublished":"2019-10-07","dateModified":"2023-05-03","author":{"@type":"Person","@id":"https:\/\/www.vanillao.cz\/author\/#Person","name":"","url":"https:\/\/www.vanillao.cz\/author\/","identifier":1,"image":{"@type":"ImageObject","@id":"https:\/\/secure.gravatar.com\/avatar\/9650bad63f840fe2951db83904c5d1edf6fafb8283b72071d80cdc2088366373?s=96&d=mm&r=g","url":"https:\/\/secure.gravatar.com\/avatar\/9650bad63f840fe2951db83904c5d1edf6fafb8283b72071d80cdc2088366373?s=96&d=mm&r=g","height":96,"width":96}},"publisher":{"@type":"Organization","name":"vanillao.cz","logo":{"@type":"ImageObject","@id":"\/logo.png","url":"\/logo.png","width":600,"height":60}},"image":{"@type":"ImageObject","@id":"https:\/\/www.vanillao.cz\/wp-content\/uploads\/img_a357416_w3173_t1572081531.jpg","url":"https:\/\/www.vanillao.cz\/wp-content\/uploads\/img_a357416_w3173_t1572081531.jpg","height":0,"width":0},"url":"https:\/\/www.vanillao.cz\/proc-poridit-detem-mazlicka\/","about":["Zv\u00ed\u0159ata"],"wordCount":466,"articleBody":"Zejm\u00e9na pokud m\u00e1te doma d\u00edt\u011b jen jedno, to\u010d\u00ed se kolem n\u011bj cel\u00fd sv\u011bt. Nechcete ho ale p\u0159\u00edli\u0161 rozmazlovat a chcete ho vychovat v\u00a0laskavosti a l\u00e1sce k\u00a0druh\u00fdm, pak mu jist\u011b, t\u0159eba k\u00a0narozenin\u00e1m, nad\u011blte mal\u00e9ho kamar\u00e1da. Od mali\u010dka se bude u\u010dit, jak\u00e9 je starat se o n\u011bco, co m\u00e1 r\u00e1d. V\u00e1\u0161 mali\u010dk\u00fd bude muset sv\u00e9ho mazl\u00ed\u010dka krmit, ukl\u00edzet po n\u011bm, celkov\u011b se o n\u011bj starat. Pochop\u00ed tak, \u017ee nejde jen o jeho osobn\u00ed pot\u0159eby.\tVzpome\u0148te si na sv\u00e9 d\u011btstv\u00ed, kdy jste si m\u00edsto mobiln\u00edho telefonu hr\u00e1li venku se\u00a0sv\u00fdm nebo kamar\u00e1dov\u00fdm pejskem. Dok\u00e1zali jste t\u00edm tr\u00e1vit cel\u00e9 hodiny. Zv\u00ed\u0159\u00e1tko jist\u011b vyt\u00e1hne i va\u0161e d\u00edt\u011b nechv\u00edli ven a pry\u010d od po\u010d\u00edta\u010de. V\u00a0p\u0159\u00edpad\u011b psa, ho mo\u017en\u00e1 p\u0159im\u011bjete i ke sportu. Pokud m\u00e1te obavy, \u017ee Va\u0161e d\u00edt\u011b je jen doma a sporty ho nebav\u00ed, se \u010dty\u0159noh\u00fdm kamar\u00e1dem bude \u010das tr\u00e1vit v\u00edce venku na proch\u00e1zk\u00e1ch.\tI kdy\u017e se sna\u017e\u00edte, jak nejv\u00edc to jde, ani vy se nem\u016f\u017eete v\u011bnovat ji\u017e v\u011bt\u0161\u00edm d\u011btem 24 hodin denn\u011b. Mus\u00edte chodit do pr\u00e1ce a m\u00e1te mnoho jin\u00fdch povinnost\u00ed. I kdy\u017e byste moc cht\u011bli, nem\u00e1te \u010das hr\u00e1t si s\u00a0nimi cel\u00e9 odpoledne. D\u011bti najdou v\u00a0mazl\u00ed\u010dkovi nov\u00e9ho p\u0159\u00edtele, kter\u00fd na n\u011b bude \u010dekat, a\u017e p\u0159ijdou ze \u0161koly, kter\u00fd si s\u00a0nimi bude hr\u00e1t a se kter\u00fdm si u\u017eij\u00ed spoustu legrace.\t\tPokud si od mala zvykne na zv\u00ed\u0159ata, nebude se jich ani v\u00a0dosp\u011blosti b\u00e1t. Jist\u011b zn\u00e1te lidi ve sv\u00e9m okol\u00ed, kte\u0159\u00ed maj\u00ed obrovsk\u00fd strach z ko\u010dek, ps\u016f apod. P\u0159itom jim ta zv\u00ed\u0159ata t\u0159eba nikdy nic neud\u011blala a oni jsou pouze paranoidn\u00ed. Sv\u016fj strach pak p\u0159en\u00e1\u0161ej\u00ed i na sv\u00e9 d\u011bti a to nen\u00ed dob\u0159e.\tNa z\u00e1v\u011br je ale nutno dodat, \u017ee nejv\u011bt\u0161\u00ed zm\u011bnu poc\u00edt\u00edte asi vy, jako rodi\u010de. M\u016f\u017ee se st\u00e1t, \u017ee a\u010dkoli V\u00e1\u0161 syn \u010di dcera sl\u00edb\u00ed, \u017ee se o sv\u00e9ho nov\u00e9ho pejska budou starat. \u017de ho budou krmit, ven\u010dit a hr\u00e1t si s\u00a0n\u00edm. Ob\u010das to ale dopad\u00e1 tak, \u017ee d\u011bti si hraj\u00ed a rodi\u010d d\u011bl\u00e1 ten zbytek, tedy ukl\u00edz\u00ed, pln\u00ed misku a vst\u00e1v\u00e1 brzy, aby zv\u00ed\u0159e vyven\u010dil. To, \u017ee koup\u00edte mazl\u00ed\u010dka d\u011btem, neznamen\u00e1, \u017ee pouze oni z\u00edskaj\u00ed nov\u00e9ho p\u0159\u00edtele.                                                                                                                                                                                                                                                                                                                                                                                        4.5\/5 - (8 votes)        "},{"@context":"https:\/\/schema.org\/","@type":"BreadcrumbList","itemListElement":[{"@type":"ListItem","position":1,"name":"Pro\u010d po\u0159\u00eddit d\u011btem mazl\u00ed\u010dka?","item":"https:\/\/www.vanillao.cz\/proc-poridit-detem-mazlicka\/#breadcrumbitem"}]}]