{"@context":"https:\/\/schema.org\/","@type":"CollectionPage","@id":"https:\/\/www.vanillao.cz\/sluzby\/#CollectionPage","headline":"Slu\u017eby Category","description":"","url":"https:\/\/www.vanillao.cz\/sluzby\/","hasPart":[{"@type":"Article","@id":"https:\/\/www.vanillao.cz\/do-ceho-investovat-odlozene-penize\/","headline":"Do \u010deho investovat odlo\u017een\u00e9 pen\u00edze","url":"https:\/\/www.vanillao.cz\/do-ceho-investovat-odlozene-penize\/","datePublished":"2022-04-10","dateModified":"2023-05-03","mainEntityOfPage":"https:\/\/www.vanillao.cz\/do-ceho-investovat-odlozene-penize\/","author":{"@type":"Person","@id":"https:\/\/www.vanillao.cz\/author\/#Person","name":"","url":"https:\/\/www.vanillao.cz\/author\/","identifier":1,"image":{"@type":"ImageObject","@id":"https:\/\/secure.gravatar.com\/avatar\/9650bad63f840fe2951db83904c5d1edf6fafb8283b72071d80cdc2088366373?s=96&d=mm&r=g","url":"https:\/\/secure.gravatar.com\/avatar\/9650bad63f840fe2951db83904c5d1edf6fafb8283b72071d80cdc2088366373?s=96&d=mm&r=g","height":96,"width":96}},"publisher":{"@type":"Organization","name":"vanillao.cz","logo":{"@type":"ImageObject","@id":"\/logo.png","url":"\/logo.png","width":600,"height":60}},"image":{"@type":"ImageObject","@id":"https:\/\/www.vanillao.cz\/wp-content\/uploads\/wallet-2292428_960_720.jpg","url":"https:\/\/www.vanillao.cz\/wp-content\/uploads\/wallet-2292428_960_720.jpg","height":0,"width":0},"keywords":null},{"@type":"Article","@id":"https:\/\/www.vanillao.cz\/profesionalni-fotograf-ostrava\/","headline":"Profesion\u00e1ln\u00ed fotograf Ostrava","url":"https:\/\/www.vanillao.cz\/profesionalni-fotograf-ostrava\/","datePublished":"2021-09-08","dateModified":"2023-05-03","mainEntityOfPage":"https:\/\/www.vanillao.cz\/profesionalni-fotograf-ostrava\/","author":{"@type":"Person","@id":"https:\/\/www.vanillao.cz\/author\/#Person","name":"","url":"https:\/\/www.vanillao.cz\/author\/","identifier":1,"image":{"@type":"ImageObject","@id":"https:\/\/secure.gravatar.com\/avatar\/9650bad63f840fe2951db83904c5d1edf6fafb8283b72071d80cdc2088366373?s=96&d=mm&r=g","url":"https:\/\/secure.gravatar.com\/avatar\/9650bad63f840fe2951db83904c5d1edf6fafb8283b72071d80cdc2088366373?s=96&d=mm&r=g","height":96,"width":96}},"publisher":{"@type":"Organization","name":"vanillao.cz","logo":{"@type":"ImageObject","@id":"\/logo.png","url":"\/logo.png","width":600,"height":60}},"image":{"@type":"ImageObject","@id":"https:\/\/www.vanillao.cz\/wp-content\/uploads\/photos-g0a41ec50a_640.jpg","url":"https:\/\/www.vanillao.cz\/wp-content\/uploads\/photos-g0a41ec50a_640.jpg","height":0,"width":0},"keywords":null},{"@type":"Article","@id":"https:\/\/www.vanillao.cz\/hlavne-se-spravne-prezentovat\/","headline":"Hlavn\u011b se spr\u00e1vn\u011b prezentovat","url":"https:\/\/www.vanillao.cz\/hlavne-se-spravne-prezentovat\/","datePublished":"2021-09-07","dateModified":"2023-05-03","mainEntityOfPage":"https:\/\/www.vanillao.cz\/hlavne-se-spravne-prezentovat\/","author":{"@type":"Person","@id":"https:\/\/www.vanillao.cz\/author\/#Person","name":"","url":"https:\/\/www.vanillao.cz\/author\/","identifier":1,"image":{"@type":"ImageObject","@id":"https:\/\/secure.gravatar.com\/avatar\/9650bad63f840fe2951db83904c5d1edf6fafb8283b72071d80cdc2088366373?s=96&d=mm&r=g","url":"https:\/\/secure.gravatar.com\/avatar\/9650bad63f840fe2951db83904c5d1edf6fafb8283b72071d80cdc2088366373?s=96&d=mm&r=g","height":96,"width":96}},"publisher":{"@type":"Organization","name":"vanillao.cz","logo":{"@type":"ImageObject","@id":"\/logo.png","url":"\/logo.png","width":600,"height":60}},"image":{"@type":"ImageObject","@id":"https:\/\/www.vanillao.cz\/wp-content\/uploads\/kancel%C3%A1%C5%99sk%C3%BD%20notebook_mp1O7g.jpg","url":"https:\/\/www.vanillao.cz\/wp-content\/uploads\/kancel%C3%A1%C5%99sk%C3%BD%20notebook_mp1O7g.jpg","height":0,"width":0},"keywords":null},{"@type":"Article","@id":"https:\/\/www.vanillao.cz\/mokre-cisteni-kobercu-pro-firmy-i-domacnosti-systemem-rotovac\/","headline":"Mokr\u00e9 \u010di\u0161t\u011bn\u00ed koberc\u016f pro firmy i dom\u00e1cnosti syst\u00e9mem Rotovac","url":"https:\/\/www.vanillao.cz\/mokre-cisteni-kobercu-pro-firmy-i-domacnosti-systemem-rotovac\/","datePublished":"2021-05-15","dateModified":"2023-05-03","mainEntityOfPage":"https:\/\/www.vanillao.cz\/mokre-cisteni-kobercu-pro-firmy-i-domacnosti-systemem-rotovac\/","author":{"@type":"Person","@id":"https:\/\/www.vanillao.cz\/author\/#Person","name":"","url":"https:\/\/www.vanillao.cz\/author\/","identifier":1,"image":{"@type":"ImageObject","@id":"https:\/\/secure.gravatar.com\/avatar\/9650bad63f840fe2951db83904c5d1edf6fafb8283b72071d80cdc2088366373?s=96&d=mm&r=g","url":"https:\/\/secure.gravatar.com\/avatar\/9650bad63f840fe2951db83904c5d1edf6fafb8283b72071d80cdc2088366373?s=96&d=mm&r=g","height":96,"width":96}},"publisher":{"@type":"Organization","name":"vanillao.cz","logo":{"@type":"ImageObject","@id":"\/logo.png","url":"\/logo.png","width":600,"height":60}},"image":{"@type":"ImageObject","@id":"https:\/\/www.vanillao.cz\/wp-content\/uploads\/kusov%C3%BD%20koberec_3.jpg","url":"https:\/\/www.vanillao.cz\/wp-content\/uploads\/kusov%C3%BD%20koberec_3.jpg","height":0,"width":0},"keywords":null},{"@type":"Article","@id":"https:\/\/www.vanillao.cz\/mate-idealne-velke-auto\/","headline":"M\u00e1te ide\u00e1ln\u011b velk\u00e9 auto?","url":"https:\/\/www.vanillao.cz\/mate-idealne-velke-auto\/","datePublished":"2020-06-21","dateModified":"2024-02-28","mainEntityOfPage":"https:\/\/www.vanillao.cz\/mate-idealne-velke-auto\/","author":{"@type":"Person","@id":"https:\/\/www.vanillao.cz\/author\/#Person","name":"","url":"https:\/\/www.vanillao.cz\/author\/","identifier":1,"image":{"@type":"ImageObject","@id":"https:\/\/secure.gravatar.com\/avatar\/9650bad63f840fe2951db83904c5d1edf6fafb8283b72071d80cdc2088366373?s=96&d=mm&r=g","url":"https:\/\/secure.gravatar.com\/avatar\/9650bad63f840fe2951db83904c5d1edf6fafb8283b72071d80cdc2088366373?s=96&d=mm&r=g","height":96,"width":96}},"publisher":{"@type":"Organization","name":"vanillao.cz","logo":{"@type":"ImageObject","@id":"\/logo.png","url":"\/logo.png","width":600,"height":60}},"image":{"@type":"ImageObject","@id":"https:\/\/www.vanillao.cz\/wp-content\/uploads\/kyti%C4%8Dkovan%C3%A1%20dod%C3%A1vka.png","url":"https:\/\/www.vanillao.cz\/wp-content\/uploads\/kyti%C4%8Dkovan%C3%A1%20dod%C3%A1vka.png","height":0,"width":0},"keywords":null},{"@type":"Article","@id":"https:\/\/www.vanillao.cz\/zalozeni-autodopravy\/","headline":"Zalo\u017een\u00ed autodopravy","url":"https:\/\/www.vanillao.cz\/zalozeni-autodopravy\/","datePublished":"2020-05-15","dateModified":"2023-11-02","mainEntityOfPage":"https:\/\/www.vanillao.cz\/zalozeni-autodopravy\/","author":{"@type":"Person","@id":"https:\/\/www.vanillao.cz\/author\/#Person","name":"","url":"https:\/\/www.vanillao.cz\/author\/","identifier":1,"image":{"@type":"ImageObject","@id":"https:\/\/secure.gravatar.com\/avatar\/9650bad63f840fe2951db83904c5d1edf6fafb8283b72071d80cdc2088366373?s=96&d=mm&r=g","url":"https:\/\/secure.gravatar.com\/avatar\/9650bad63f840fe2951db83904c5d1edf6fafb8283b72071d80cdc2088366373?s=96&d=mm&r=g","height":96,"width":96}},"publisher":{"@type":"Organization","name":"vanillao.cz","logo":{"@type":"ImageObject","@id":"\/logo.png","url":"\/logo.png","width":600,"height":60}},"image":{"@type":"ImageObject","@id":"https:\/\/www.vanillao.cz\/wp-content\/uploads\/model%20kamionu.jpg","url":"https:\/\/www.vanillao.cz\/wp-content\/uploads\/model%20kamionu.jpg","height":0,"width":0},"keywords":null},{"@type":"Article","@id":"https:\/\/www.vanillao.cz\/kdyz-nabytek-tak-ten-vyrobeny-na-miru\/","headline":"Kdy\u017e n\u00e1bytek, tak ten vyroben\u00fd na m\u00edru!","url":"https:\/\/www.vanillao.cz\/kdyz-nabytek-tak-ten-vyrobeny-na-miru\/","datePublished":"2020-04-06","dateModified":"2020-04-06","mainEntityOfPage":"https:\/\/www.vanillao.cz\/kdyz-nabytek-tak-ten-vyrobeny-na-miru\/","author":{"@type":"Person","@id":"https:\/\/www.vanillao.cz\/author\/#Person","name":"","url":"https:\/\/www.vanillao.cz\/author\/","identifier":1,"image":{"@type":"ImageObject","@id":"https:\/\/secure.gravatar.com\/avatar\/9650bad63f840fe2951db83904c5d1edf6fafb8283b72071d80cdc2088366373?s=96&d=mm&r=g","url":"https:\/\/secure.gravatar.com\/avatar\/9650bad63f840fe2951db83904c5d1edf6fafb8283b72071d80cdc2088366373?s=96&d=mm&r=g","height":96,"width":96}},"publisher":{"@type":"Organization","name":"vanillao.cz","logo":{"@type":"ImageObject","@id":"\/logo.png","url":"\/logo.png","width":600,"height":60}},"image":{"@type":"ImageObject","@id":"https:\/\/www.vanillao.cz\/wp-content\/uploads\/bedroom-1872196_640_1.jpg","url":"https:\/\/www.vanillao.cz\/wp-content\/uploads\/bedroom-1872196_640_1.jpg","height":0,"width":0},"keywords":null},{"@type":"Article","@id":"https:\/\/www.vanillao.cz\/stehovani-pribram-a-okoli\/","headline":"St\u011bhov\u00e1n\u00ed P\u0159\u00edbram a okol\u00ed","url":"https:\/\/www.vanillao.cz\/stehovani-pribram-a-okoli\/","datePublished":"2020-02-24","dateModified":"2023-05-03","mainEntityOfPage":"https:\/\/www.vanillao.cz\/stehovani-pribram-a-okoli\/","author":{"@type":"Person","@id":"https:\/\/www.vanillao.cz\/author\/#Person","name":"","url":"https:\/\/www.vanillao.cz\/author\/","identifier":1,"image":{"@type":"ImageObject","@id":"https:\/\/secure.gravatar.com\/avatar\/9650bad63f840fe2951db83904c5d1edf6fafb8283b72071d80cdc2088366373?s=96&d=mm&r=g","url":"https:\/\/secure.gravatar.com\/avatar\/9650bad63f840fe2951db83904c5d1edf6fafb8283b72071d80cdc2088366373?s=96&d=mm&r=g","height":96,"width":96}},"publisher":{"@type":"Organization","name":"vanillao.cz","logo":{"@type":"ImageObject","@id":"\/logo.png","url":"\/logo.png","width":600,"height":60}},"image":{"@type":"ImageObject","@id":"https:\/\/www.vanillao.cz\/wp-content\/uploads\/img_a380503_w3149_t1591874100.jpg","url":"https:\/\/www.vanillao.cz\/wp-content\/uploads\/img_a380503_w3149_t1591874100.jpg","height":0,"width":0},"keywords":null},{"@type":"Article","@id":"https:\/\/www.vanillao.cz\/tuzemska-letni-dovolena\/","headline":"Tuzemsk\u00e1 letn\u00ed dovolen\u00e1","url":"https:\/\/www.vanillao.cz\/tuzemska-letni-dovolena\/","datePublished":"2020-01-21","dateModified":"2023-05-03","mainEntityOfPage":"https:\/\/www.vanillao.cz\/tuzemska-letni-dovolena\/","author":{"@type":"Person","@id":"https:\/\/www.vanillao.cz\/author\/#Person","name":"","url":"https:\/\/www.vanillao.cz\/author\/","identifier":1,"image":{"@type":"ImageObject","@id":"https:\/\/secure.gravatar.com\/avatar\/9650bad63f840fe2951db83904c5d1edf6fafb8283b72071d80cdc2088366373?s=96&d=mm&r=g","url":"https:\/\/secure.gravatar.com\/avatar\/9650bad63f840fe2951db83904c5d1edf6fafb8283b72071d80cdc2088366373?s=96&d=mm&r=g","height":96,"width":96}},"publisher":{"@type":"Organization","name":"vanillao.cz","logo":{"@type":"ImageObject","@id":"\/logo.png","url":"\/logo.png","width":600,"height":60}},"image":{"@type":"ImageObject","@id":"https:\/\/www.vanillao.cz\/wp-content\/uploads\/img_a371439_w1720_t1582808995.jpg","url":"https:\/\/www.vanillao.cz\/wp-content\/uploads\/img_a371439_w1720_t1582808995.jpg","height":0,"width":0},"keywords":null},{"@type":"Article","@id":"https:\/\/www.vanillao.cz\/sluzba\/","headline":"Slu\u017eba","url":"https:\/\/www.vanillao.cz\/sluzba\/","datePublished":"2019-08-10","dateModified":"2023-05-03","mainEntityOfPage":"https:\/\/www.vanillao.cz\/sluzba\/","author":{"@type":"Person","@id":"https:\/\/www.vanillao.cz\/author\/#Person","name":"","url":"https:\/\/www.vanillao.cz\/author\/","identifier":1,"image":{"@type":"ImageObject","@id":"https:\/\/secure.gravatar.com\/avatar\/9650bad63f840fe2951db83904c5d1edf6fafb8283b72071d80cdc2088366373?s=96&d=mm&r=g","url":"https:\/\/secure.gravatar.com\/avatar\/9650bad63f840fe2951db83904c5d1edf6fafb8283b72071d80cdc2088366373?s=96&d=mm&r=g","height":96,"width":96}},"publisher":{"@type":"Organization","name":"vanillao.cz","logo":{"@type":"ImageObject","@id":"\/logo.png","url":"\/logo.png","width":600,"height":60}},"image":{"@type":"ImageObject","@id":"https:\/\/www.vanillao.cz\/wp-content\/uploads\/img_a353949_w3757_t1568485688.jpg","url":"https:\/\/www.vanillao.cz\/wp-content\/uploads\/img_a353949_w3757_t1568485688.jpg","height":0,"width":0},"keywords":null}]}